{"id":111583,"date":"2014-07-15T17:20:48","date_gmt":"2014-07-15T16:20:48","guid":{"rendered":"http:\/\/www.cronacaonline.it\/public\/content\/index.php\/15\/07\/2014\/conoscenza-arte-territorio-e-beni-culturali-le-sfide-del-terzo-millennio"},"modified":"2014-07-15T17:20:48","modified_gmt":"2014-07-15T16:20:48","slug":"conoscenza-arte-territorio-e-beni-culturali-le-sfide-del-terzo-millennio","status":"publish","type":"post","link":"https:\/\/www.cronacaonline.it\/index.php\/2014\/07\/15\/conoscenza-arte-territorio-e-beni-culturali-le-sfide-del-terzo-millennio\/","title":{"rendered":"Conoscenza, arte, territorio e beni culturali: le sfide del terzo millennio."},"content":{"rendered":"<p>Gioved\u00ec, 17 luglio, dalle 18.30, l'Exm\u00e0 - via San Lucifero, Cagliari \u2013 ospita la sesta edizione del festival \u201cCom.unica senza frontiere, e-learning communication workshop &amp; showcase\u201d. I lavori sono curati da docenti, studenti e tutor del corso di laurea in Scienze della comunicazione dell'Universit\u00e0 di Cagliari.<\/p>\n<p>Realizzato con il patrocinio del Comune di Cagliari, l\u2019evento \u00e8 inserito nelle iniziative estive di Cagliari 2019, anno in cui l'Italia vedr\u00e0 una sua citt\u00e0 nominata a \u201ccapitale europea della cultura\u201d. Il capoluogo regionale \u00e8 tra le sei candidate, il cui compito \u00e8 valorizzare storia, cultura, patrimonio artistico delle citt\u00e0 per promuovere il turismo culturale e rispondere agli input della Comunit\u00e0 europee.<\/p>\n<p>Il sesto festival della comunicazione rappresenta un\u2019occasione per riflettere sulle modalit\u00e0 di sensibilizzazione, valorizzazione, promozione del patrimonio del nostro paese, anche e soprattutto attraverso le possibilit\u00e0 messe in gioco dalle ICT (social network, digitalstorytelling, gamification). In Italia il patrimonio culturale rappresenta il 5 per cento del Pil e il turismo il 10. Comunicando adeguatamente, anche attraverso ICT e social network, si potenziano le attivit\u00e0 turistiche contribuendo a innalzare l\u2019economia generale del paese.<\/p>\n<p>Il programma. Per \"Social media, storytelling e gamification per la valorizzazione dei beni culturali e del territorio\", panel trasmesso in streaming live al link com.unica.it\/live, intervengono Francesco Lutrario (direttore Gamification Lab, Universit\u00e0 La Sapienza), Marianna Marcucci (co-founder Invasioni Digitali), Paolo Costa (co-finder Tw Letteratura), Maurizio Galluzzo (Iuav, Universit\u00e0 Venezia), Alessio Ceccherelli (Universit\u00e0 Tor Vergata) e Carlo Mancosu (circuito Sardex). Modera Emiliano Ilardi (docente di Sociologia dei processi culturali e comunicativi \u2013 Universit\u00e0 Cagliari)<\/p>\n<p>All\u2019Exm\u00e0 sono attivi gli info point sull'offerta formativa dell'ateneo e di Scienze della Comunicazione. Per facilitare la partecipazione degli studenti lavoratori \u00e8 previsto uno spazio bimbi con attivit\u00e0 di intrattenimento curate dagli studenti di Scienze della comunicazione. Dalle 21, rinfresco, gara musicale e djset a cura di Stefano Curgiolu.<\/p>\n<p>Composto dagli studenti di Scienze della comunicazione e del Master in Management dei prodotti e dei servizi della comunicazione dell\u2019Universit\u00e0 di Cagliari, il Social media team \u00e8 coordinato da Valentina Favrin, manager didattico dei corsi.<\/p>\n<p>L\u2019evento si pu\u00f2 seguire con post, tweet e foto. Su com.unica.it\/csf informazioni e aggiornamenti. I profili sono com.unica (Facebook) e @ScComUnica (Twitter). L\u2019hashtag \u00e8 #csf6<\/p>\n","protected":false},"excerpt":{"rendered":"<p>Gioved\u00ec, 17 luglio, dalle 18.30, l&#8217;Exm\u00e0 &#8211; via San Lucifero, Cagliari \u2013 ospita la sesta edizione del festival \u201cCom.unica senza frontiere, e-learning communication workshop &amp;&#8230;<\/p>\n","protected":false},"author":2,"featured_media":0,"comment_status":"closed","ping_status":"closed","sticky":false,"template":"","format":"standard","meta":[],"categories":[49],"tags":[],"_links":{"self":[{"href":"https:\/\/www.cronacaonline.it\/index.php\/wp-json\/wp\/v2\/posts\/111583"}],"collection":[{"href":"https:\/\/www.cronacaonline.it\/index.php\/wp-json\/wp\/v2\/posts"}],"about":[{"href":"https:\/\/www.cronacaonline.it\/index.php\/wp-json\/wp\/v2\/types\/post"}],"author":[{"embeddable":true,"href":"https:\/\/www.cronacaonline.it\/index.php\/wp-json\/wp\/v2\/users\/2"}],"replies":[{"embeddable":true,"href":"https:\/\/www.cronacaonline.it\/index.php\/wp-json\/wp\/v2\/comments?post=111583"}],"version-history":[{"count":0,"href":"https:\/\/www.cronacaonline.it\/index.php\/wp-json\/wp\/v2\/posts\/111583\/revisions"}],"wp:attachment":[{"href":"https:\/\/www.cronacaonline.it\/index.php\/wp-json\/wp\/v2\/media?parent=111583"}],"wp:term":[{"taxonomy":"category","embeddable":true,"href":"https:\/\/www.cronacaonline.it\/index.php\/wp-json\/wp\/v2\/categories?post=111583"},{"taxonomy":"post_tag","embeddable":true,"href":"https:\/\/www.cronacaonline.it\/index.php\/wp-json\/wp\/v2\/tags?post=111583"}],"curies":[{"name":"wp","href":"https:\/\/api.w.org\/{rel}","templated":true}]}}