{"id":111570,"date":"2014-07-13T17:20:48","date_gmt":"2014-07-13T16:20:48","guid":{"rendered":"http:\/\/www.cronacaonline.it\/public\/content\/index.php\/13\/07\/2014\/attivita-dei-carabinieri-del-comando-provinciale-di-oristano-sulle-strade-di-competenza"},"modified":"2014-07-13T17:20:48","modified_gmt":"2014-07-13T16:20:48","slug":"attivita-dei-carabinieri-del-comando-provinciale-di-oristano-sulle-strade-di-competenza","status":"publish","type":"post","link":"https:\/\/www.cronacaonline.it\/index.php\/2014\/07\/13\/attivita-dei-carabinieri-del-comando-provinciale-di-oristano-sulle-strade-di-competenza\/","title":{"rendered":"Attivit\u00e0 dei carabinieri del comando provinciale di Oristano sulle strade di competenza."},"content":{"rendered":"<p>La scorsa notte, i Carabinieri della Compagnia di Oristano, di Ghilarza e Mogoro, su disposizione del Comando Provinciale Carabinieri di Oristano, hanno svolto un servizio coordinato nell\u2019abitato di Torregrande e Zerfaliu, finalizzando i controlli alla circolazione stradale, ed in particolare modo al contrasto del fenomeno della guida in stato di ebrezza, mediante utilizzo di apparati precursori ed etilometri.<\/p>\n<p>Nell\u2019esecuzione di tali controlli, a cui venivano sottoposti pi\u00f9 di 250 automobilisti, un giovane, di 23 anni, \u00e8 stato deferito alla competente A.G. per guida in stato di ebrezza e conseguentemente gli \u00e8 stata immediatamente ritirata la patente di guida.<\/p>\n<p>Tali controlli, intensificati nel periodo estivo e finalizzati soprattutto alla prevenzione ed a garantire la massima sicurezza a tutti gli utenti, si espleteranno anche, ma non solo, in altre localit\u00e0 del territorio.<\/p>\n","protected":false},"excerpt":{"rendered":"<p>La scorsa notte, i Carabinieri della Compagnia di Oristano, di Ghilarza e Mogoro, su disposizione del Comando Provinciale Carabinieri di Oristano, hanno svolto un servizio&#8230;<\/p>\n","protected":false},"author":2,"featured_media":0,"comment_status":"closed","ping_status":"closed","sticky":false,"template":"","format":"standard","meta":[],"categories":[49],"tags":[],"_links":{"self":[{"href":"https:\/\/www.cronacaonline.it\/index.php\/wp-json\/wp\/v2\/posts\/111570"}],"collection":[{"href":"https:\/\/www.cronacaonline.it\/index.php\/wp-json\/wp\/v2\/posts"}],"about":[{"href":"https:\/\/www.cronacaonline.it\/index.php\/wp-json\/wp\/v2\/types\/post"}],"author":[{"embeddable":true,"href":"https:\/\/www.cronacaonline.it\/index.php\/wp-json\/wp\/v2\/users\/2"}],"replies":[{"embeddable":true,"href":"https:\/\/www.cronacaonline.it\/index.php\/wp-json\/wp\/v2\/comments?post=111570"}],"version-history":[{"count":0,"href":"https:\/\/www.cronacaonline.it\/index.php\/wp-json\/wp\/v2\/posts\/111570\/revisions"}],"wp:attachment":[{"href":"https:\/\/www.cronacaonline.it\/index.php\/wp-json\/wp\/v2\/media?parent=111570"}],"wp:term":[{"taxonomy":"category","embeddable":true,"href":"https:\/\/www.cronacaonline.it\/index.php\/wp-json\/wp\/v2\/categories?post=111570"},{"taxonomy":"post_tag","embeddable":true,"href":"https:\/\/www.cronacaonline.it\/index.php\/wp-json\/wp\/v2\/tags?post=111570"}],"curies":[{"name":"wp","href":"https:\/\/api.w.org\/{rel}","templated":true}]}}