{"id":111525,"date":"2014-07-02T17:20:48","date_gmt":"2014-07-02T16:20:48","guid":{"rendered":"http:\/\/www.cronacaonline.it\/public\/content\/index.php\/02\/07\/2014\/renzi-apre-il-semestre-italiano-discorso-al-parlamento-europeo-senza-crescita-nessun-futuro-per-leuropa"},"modified":"2014-07-02T17:20:48","modified_gmt":"2014-07-02T16:20:48","slug":"renzi-apre-il-semestre-italiano-discorso-al-parlamento-europeo-senza-crescita-nessun-futuro-per-leuropa","status":"publish","type":"post","link":"https:\/\/www.cronacaonline.it\/index.php\/2014\/07\/02\/renzi-apre-il-semestre-italiano-discorso-al-parlamento-europeo-senza-crescita-nessun-futuro-per-leuropa\/","title":{"rendered":"Renzi apre il semestre italiano: discorso al parlamento europeo, &#8220;Senza crescita nessun futuro per l&#8217;Europa&#8221;"},"content":{"rendered":"<p>E' iniziato ufficialmente oggi il semestre italiano di presidenza del Consiglio dell'Unione europea. A battezzarlo, il premier italiano con un discorso di circa 20 minuti di fronte al Parlamento Europeo.<\/p>\n<p>Due i punti fondamentali dell'intervento di Renzi: la necessit\u00e0 di sostenere la crescita economica e l'importanza di ritrovare un'identit\u00e0 culturale comune. Il premier, che \u00e8 intervenuto a braccio, \u00e8 quindi entrato nel merito dei rapporti economici tra gli stati ed ha fatto riferimento diretto al patto di stabilit\u00e0 e di crescita, oggi tutto sbilanciato verso la prima e poco flessibile nei confronti della seconda. L'Europa, ha quindi spiegato il premier italiano, deve procedere insieme su tutto perch\u00e9 deve competere con i grandi, deve ritrovare il ruolo di \"avanguardia\" sull'innovazione, il cambiamento climatico, il capitale umano.<\/p>\n<p>Al suo fianco il ministro degli Esteri Federica Mogherini, l'esponente che il premier vuole candidare come Alto rappresentante della Politica estera dell'Ue.<\/p>\n<p>Renzi era arrivato nel primo pomeriggio a Strasburgo e, prima dell'intervento nell'aula dell'Europarlamento, aveva incontrato gli eurodeputati italiani. Subito dopo ha avuto un colloquio con il presidente del Parlamento europeo, Martin Schulz. In controtendenza rispetto alla tradizione, il premier italiano non terr\u00e0 la conferenza stampa al termine della discussione con gli europarlamentari del pomeriggio, perch\u00e9 dovr\u00e0 rientrare a Roma per partecipare tra l'altro alla registrazione di uno speciale di Porta a Porta.<\/p>\n<p>\"La nostra generazione \u00e8 la generazione Telemaco - ha detto Renzi -. Dobbiamo fare come lui. Dobbiamo essere eredi, prendere la tradizione da cui veniamo e assicurarla ai nostri figli. Lo dobbiamo a chi ci ha preceduto, a quanti sono morti affinch\u00e9 l'Europa non fosse solo una espressione geografica ma un'espressione dell'anima\".<\/p>\n<p>\"Questa mattina avete chiuso il semestre greco, un passaggio di consegne. Immaginiamo qual potrebbe essere il testimone tra Grecia e Italia.<\/p>\n<p>Pensiamo a cose straordinariamente affascinanti, come il rapporto fra Anchise ed Enea, tra Pericle e Cicerone. Grecia e Italia sono agor\u00e0 e foro, il tempio e la chiesa, il Partenone e il Colosseo. Non pensiamo a questo quando parliamo di Grecia e Italia e neanche al senso della vita nonostante Aristotele e Dante, Archimede e Leonardo. E invece pensiamo solo alla crisi, allo spread, alle difficolt\u00e0 finanziarie, perch\u00e9 \u00e8 molto forte nel nostro corpo la ferita lasciata dalla recente difficolt\u00e0 congiunturale economica\".<\/p>\n<p>\"Non credo - ha spiegato il premier - che possiamo sottovalutare la questione finanziaria tra qualche momento lo dir\u00f2 in modo deciso e convinto. Esiste un grande tema finanziario, ma l'Italia sostiene che la grande sfida del semestre non sia solo elencare una serie appuntamenti, che pure ci saranno e spero con partecipazione la delle parlamentari e dei parlamentari, ma la grande sfida \u00e8 ritrovare l'anima dell'Europa, il senso profondo del nostro stare insieme. Se dobbiamo unire burocrazie, a noi in Italia basta e avanza la nostra. C'\u00e8 un'identit\u00e0 comune da ritrovare\".<\/p>\n<p>\"Rappresento un paese fondatore&nbsp; - ha detto ancora Renzi - noi italiani siamo tra quelli che danno di pi\u00f9 di ci\u00f2 che prendono. Prima di tutto dobbiamo chiedere a noi la forza di cambiare se dobbiamo essere credibili. L'Italia viene qui a dire che per prima ha voglia di cambiare e lo dice con il coraggio e l'orgoglio di rappresentare l'Europa. Noi vogliamo rispettare le regole, c'\u00e8 la stabilit\u00e0 ma c'\u00e8 anche la crescita. Senza crescita non c'\u00e8 futuro. Non chiediamo un giudizio sul passato, ci interessa cominciare il futuro. Noi siamo una comunit\u00e0, non un'espressione geografica\".<\/p>\n<p>Riferendosi poi alle polemiche del gruppo euroscettico di Farage e Grillo, ha aggiunto: \"Un'Europa senza il Regno Unito sarebbe meno ricca e meno se stessa\".<\/p>\n<p>\"L'Europa deve tornare a essere una frontiera. Lo \u00e8 se guardiamo alle carte geografiche e vediamo un Paese che ha il maggior numero di coste rispetto all'estensione territoriale: siamo una frontiera geograficamente. Questo ci pone molti problemi, ne sappiamo qualcosa noi in Italia in questo momento, quando le difficolt\u00e0 in Libia stanno portando a una serie di stragi nel nostro Mediterraneo alle quali cerchiamo di far fronte con operazioni condivise dai capi di governo e dalla Commissione e riusciremo a far fronte in modo pi\u00f9 deciso con il programma Frontex plus. Ma non \u00e8 solo l'immigrazione il problema, proviamo a rovesciare l'approccio: l'Africa deve vedere un protagonismo maggiore dell'Europa, non solo investimenti d'azienda, il tentativo \u00e8 andare ad affrontare la questione energetica, ma anche nella dimensione umana. Voi - ha detto il premier italiano rivolto ai parlamentari - rappresentate, quale vertigine, un faro di civilt\u00e0, la globalizzazione della civilizzazione\".<\/p>\n<p>Renzi ha affrontato anche i temi della politica estera dell'Unione, spiegando che non dovr\u00e0 mancare una diversa attenzione all'Africa (il capo del governo ha citato le ragazze nigeriane rapite, Meriem che partorisce in carcere o Asia Bibi in prigione da 4 anni solo perch\u00e9 cristiana) e che sar\u00e0 necessario far sentire in modo netto la voce delle nazioni europee sulla questione mediorientale, ribadendo la necessit\u00e0 di dare una patria alla popolazione palestinese ma evidenziando anche il diritto \"ma anche il dovere\" di Israele ad esistere \"essendo una comunit\u00e0 che ricorda a tutti noi il valore della memoria e del futuro\". \"L'Europa non pu\u00f2 essere cieca, deve fare di pi\u00f9\u00bb ha tuonato il premier italiano, che ha poi invitato l'assemblea a rovesciare il proprio approccio sui temi dell'immigrazione: \u00abNoi siamo una frontiera. La sfida \u00e8 far vedere all'Africa che c'\u00e8 un'Europa intera protagonista. L'Europa nei confronti dell'Africa deve fare uno scatto in avanti e voi parlamentari rappresentate la civilizzazione della globalizzazione\".<\/p>\n<p>L'Italia non vuole \"chiedere scorciatoie\", ha quindi ribadito Renzi,&nbsp; ma \"offre la sua disponibilit\u00e0 a fare la propria parte\". C'\u00e8 una generazione nuova per il premier ben rappresentata dalla figura di Telemaco, il figlio di Ulisse: \"Oggi in Europa c'\u00e8 una generazione nuova che ha il dovere di riscoprirsi Telemaco, di meritare l'eredit\u00e0\" dei padri dell'Europa. \"Io non ero nemmeno maggiorenne quando c'\u00e8 stata Maastricht. Noi non vediamo il frutto dei nostri padri come un dono dato per sempre, ma una conquista da rinnovare ogni giorno\" sapendo \"che non \u00e8 semplicemente nella moneta che abbiamo in tasca il nostro destino: \u00e8 nell'avere il diritto di chiamarsi eredi, di assicurare un futuro a questa tradizione. Lo dobbiamo - conclude Renzi - a chi \u00e8 morto nel corso dei secoli perch\u00e9 l'Europa non fosse solo un'espressione geografica, ma un'espressione dell'anima\".<\/p>\n<p>Prima di prendere la parola in Aula, Renzi aveva incontrato gli europarlamentari italiani e il presidente del Parlamento europeo Martin Schulz, anticipandogli che le parole chiave del suo discorso saranno \"coraggio\" e \"orgoglio\". Agli eurodeputati aveva detto: \"Il Governo \u00e8 convinto che mai come ora bisogna che l'Italia non vada in Europa a chiedere o a rivendicare\" ma a portare \"una storia straordinaria ed un futuro all'altezza del nostro passato\". \"Siamo disponibilissimi a organizzare un momento di incontro, con Graziano Delrio e Federica Mogherini, con le forme che riterrete opportune come parlamentari italiani in Europa\", ha continuato il premier. \"Sarebbe una cosa preziosa, su di voi pesa una responsabilit\u00e0 doppia, quella di rappresentare una storia straordinaria e quella di preparare un futuro all'altezza\".<\/p>\n<p>L'ultima volta dell'Italia alla guida del semestre di presidenza Ue era stata 11 anni fa, nel 2003, quando, nella sessione inaugurale, l'allora premier Silvio Berlusconi diede del kap\u00f2 a Martin Schulz, capodelegazione dei socialdemocratici tedeschi.<\/p>\n<p>Imbarazzo a Strasburgo per la decisione di Renzi di non tenere la tradizionale conferenza stampa al termine dell'intervento di presentazione dell'agenda della presidenza semestrale del consiglio Ue, davanti alla plenaria del parlamento europeo. Renzi ha fatto sapere al presidente dell'europarlamento, Martin Schulz, di non poter partecipare alla conferenza stampa congiunta con lui e con il presidente della commissione europea, Jos\u00e8 Manuel Barroso, come invece hanno fatto finora quasi tutti i suoi predecessori, primi ministri dei governi che hanno esercitato la presidenza di turno dell'Ue.<\/p>\n<p>Una decisione \"inusuale\", dunque, secondo fonti dello staff di Schulz, che tuttavia ha pubblicamente minimizzato l'importanza della questione. \"E' solamente, esclusivamente ed eccezionalmente a causa di restrizioni di orario e impegni del primo ministro italiano, che ripartir\u00e0 subito dopo il suo intervento in plenaria\", ha detto il presidente dell'europarlamento, rispondendo in conferenza stampa alla domanda di un cronista.<\/p>\n","protected":false},"excerpt":{"rendered":"<p>E&#8217; iniziato ufficialmente oggi il semestre italiano di presidenza del Consiglio dell&#8217;Unione europea. A battezzarlo, il premier italiano con un discorso di circa 20 minuti&#8230;<\/p>\n","protected":false},"author":2,"featured_media":0,"comment_status":"closed","ping_status":"closed","sticky":false,"template":"","format":"standard","meta":[],"categories":[49],"tags":[],"_links":{"self":[{"href":"https:\/\/www.cronacaonline.it\/index.php\/wp-json\/wp\/v2\/posts\/111525"}],"collection":[{"href":"https:\/\/www.cronacaonline.it\/index.php\/wp-json\/wp\/v2\/posts"}],"about":[{"href":"https:\/\/www.cronacaonline.it\/index.php\/wp-json\/wp\/v2\/types\/post"}],"author":[{"embeddable":true,"href":"https:\/\/www.cronacaonline.it\/index.php\/wp-json\/wp\/v2\/users\/2"}],"replies":[{"embeddable":true,"href":"https:\/\/www.cronacaonline.it\/index.php\/wp-json\/wp\/v2\/comments?post=111525"}],"version-history":[{"count":0,"href":"https:\/\/www.cronacaonline.it\/index.php\/wp-json\/wp\/v2\/posts\/111525\/revisions"}],"wp:attachment":[{"href":"https:\/\/www.cronacaonline.it\/index.php\/wp-json\/wp\/v2\/media?parent=111525"}],"wp:term":[{"taxonomy":"category","embeddable":true,"href":"https:\/\/www.cronacaonline.it\/index.php\/wp-json\/wp\/v2\/categories?post=111525"},{"taxonomy":"post_tag","embeddable":true,"href":"https:\/\/www.cronacaonline.it\/index.php\/wp-json\/wp\/v2\/tags?post=111525"}],"curies":[{"name":"wp","href":"https:\/\/api.w.org\/{rel}","templated":true}]}}