{"id":111508,"date":"2014-07-14T17:20:48","date_gmt":"2014-07-14T16:20:48","guid":{"rendered":"http:\/\/www.cronacaonline.it\/public\/content\/index.php\/14\/07\/2014\/blue-tongue-dichiarazione-del-senatore-silvio-lai-pd-interrogazione-a-lorenzin-subito-indagine-interna-e-chiarezza-immediata-su-responsabili"},"modified":"2014-07-14T17:20:48","modified_gmt":"2014-07-14T16:20:48","slug":"blue-tongue-dichiarazione-del-senatore-silvio-lai-pd-interrogazione-a-lorenzin-subito-indagine-interna-e-chiarezza-immediata-su-responsabili","status":"publish","type":"post","link":"https:\/\/www.cronacaonline.it\/index.php\/2014\/07\/14\/blue-tongue-dichiarazione-del-senatore-silvio-lai-pd-interrogazione-a-lorenzin-subito-indagine-interna-e-chiarezza-immediata-su-responsabili\/","title":{"rendered":"Blue Tongue, dichiarazione del Senatore Silvio Lai (Pd) interrogazione a Lorenzin, subito indagine interna e chiarezza immediata su responsabili"},"content":{"rendered":"<p>\"Le motivazioni che hanno indotto il pubblico ministero a decidere il rinvio a giudizio di 41 persone tra cui il segretario generale del ministero della sanit\u00e0 e punto di riferimento in Italia per la sanit\u00e0 animale lasciano increduli per il merito e per il largo coinvolgimento che si presume, tra sistemi istituzionali e ditte farmaceutiche.<\/p>\n<p>Non vogliamo certamente anticipare il processo ma il ministro delle sanit\u00e0 Lorenzin non pu\u00f2 esimersi dal fare immediata chiarezza sulla vicenda e creare le condizioni perch\u00e9 si possa giungere alla verifica rapida delle responsabilit\u00e0 di una vicenda che, stando alle rivelazioni del dirigente di una ditta farmaceutica, ha portato in Italia una grave infezione virale e ha creato le condizioni perch\u00e9 per un'altra, la blue tongue, ne fosse impedita la guarigione.\" \u00c9 quanto chiedono alcuni senatori del Pd in una interrogazione urgente al ministro della salute Beatrice Lorenzin, primo firmatario Silvio Lai, che aggiunge \"le conseguenze sull'economia e sulla salute dei sardi vanno oltre i dati strettamente economici perch\u00e9 \u00e8 il sistema nell'insieme ad aver perso credibilit\u00e0. Non \u00e8 rimandabile un rapido intervento della Giunta perch\u00e9 chi guida le attuali istituzioni preposte alla profilassi veterinaria metta a disposizione il suo mandato e si possano rapidamente verificare sino in fondo le condizioni per una nuova ripartenza.<\/p>\n<p>Questo tenendo conto del passato quanto del presente, dato che l'emergenza peste suina \u00e8 diventata un problema nazionale, di cui si sta occupando il Parlamento oltre che il governo, e non possiamo presentarci in condizioni di fiducia dimezzata se vogliamo mantenere la condizione di attori principali nella nostra regione\". b.s.<\/p>\n","protected":false},"excerpt":{"rendered":"<p>&#8220;Le motivazioni che hanno indotto il pubblico ministero a decidere il rinvio a giudizio di 41 persone tra cui il segretario generale del ministero della&#8230;<\/p>\n","protected":false},"author":2,"featured_media":0,"comment_status":"closed","ping_status":"closed","sticky":false,"template":"","format":"standard","meta":[],"categories":[49],"tags":[],"_links":{"self":[{"href":"https:\/\/www.cronacaonline.it\/index.php\/wp-json\/wp\/v2\/posts\/111508"}],"collection":[{"href":"https:\/\/www.cronacaonline.it\/index.php\/wp-json\/wp\/v2\/posts"}],"about":[{"href":"https:\/\/www.cronacaonline.it\/index.php\/wp-json\/wp\/v2\/types\/post"}],"author":[{"embeddable":true,"href":"https:\/\/www.cronacaonline.it\/index.php\/wp-json\/wp\/v2\/users\/2"}],"replies":[{"embeddable":true,"href":"https:\/\/www.cronacaonline.it\/index.php\/wp-json\/wp\/v2\/comments?post=111508"}],"version-history":[{"count":0,"href":"https:\/\/www.cronacaonline.it\/index.php\/wp-json\/wp\/v2\/posts\/111508\/revisions"}],"wp:attachment":[{"href":"https:\/\/www.cronacaonline.it\/index.php\/wp-json\/wp\/v2\/media?parent=111508"}],"wp:term":[{"taxonomy":"category","embeddable":true,"href":"https:\/\/www.cronacaonline.it\/index.php\/wp-json\/wp\/v2\/categories?post=111508"},{"taxonomy":"post_tag","embeddable":true,"href":"https:\/\/www.cronacaonline.it\/index.php\/wp-json\/wp\/v2\/tags?post=111508"}],"curies":[{"name":"wp","href":"https:\/\/api.w.org\/{rel}","templated":true}]}}