{"id":111484,"date":"2014-07-13T17:20:48","date_gmt":"2014-07-13T16:20:48","guid":{"rendered":"http:\/\/www.cronacaonline.it\/public\/content\/index.php\/13\/07\/2014\/prospezioni-nel-mare-della-sardegna-lassessorato-dellambiente-della-regione-ribadisce-la-sua-posizione"},"modified":"2014-07-13T17:20:48","modified_gmt":"2014-07-13T16:20:48","slug":"prospezioni-nel-mare-della-sardegna-lassessorato-dellambiente-della-regione-ribadisce-la-sua-posizione","status":"publish","type":"post","link":"https:\/\/www.cronacaonline.it\/index.php\/2014\/07\/13\/prospezioni-nel-mare-della-sardegna-lassessorato-dellambiente-della-regione-ribadisce-la-sua-posizione\/","title":{"rendered":"Prospezioni nel mare della Sardegna, l&#8217;assessorato dell&#8217;ambiente della regione ribadisce la sua posizione"},"content":{"rendered":"<p>L'onorevole Mauro Pili critica la Regione perch\u00e9 non \u00e8 intervenuta con valutazioni politiche sulla procedura di Valutazione di impatto ambientale nazionale per il progetto \"Intervento di indagine geofisica 2D nell'area dell'istanza di prospezione in mare d1 E.P-.SC\" proposto da Schlumberger Italiana SpA.<\/p>\n<p>Forse l'onorevole Pili non ricorda che il 24 giugno scorso a una sua analoga critica avevamo risposto con una nota che riproponiamo e che spiega chiaramente la posizione della Regione.<\/p>\n<p>\"In riferimento a quanto apparso sulle agenzie di stampa sulla denuncia del deputato Mauro Pili relativa al progetto della Societ\u00e0 Schlumberger Italiana SpA, si comunica che il procedimento, in corso di svolgimento, \u00e8 la VIA nazionale, di competenza del Ministero dell\u2019Ambiente, nell\u2019ambito del quale la Regione Sardegna, ai sensi dell\u2019art. 25, comma 2 del D.Lgs 152\/2006 e SS.MM.II., \u00e8 chiamata ad esprimere il parere di competenza, mentre chiunque abbia interesse, pu\u00f2 inviare le proprie osservazioni al Ministero dell\u2019Ambiente entro 60 giorni dalla data di presentazione dell\u2019istanza (7 maggio 2014).<\/p>\n<p>L\u2019assessorato della Difesa dell\u2019ambiente, attraverso il servizio SAVI, ha ben presenti le potenziali criticit\u00e0 connesse con la realizzazione del progetto in argomento, e in tal senso ha provveduto a pubblicare anche sul sito della Regione Sardegna la comunicazione relativa alla procedura che \u00e8 in corso di svolgimento.<\/p>\n<p>Il progetto \u00e8 attualmente allo studio dei tecnici competenti e l\u2019Assessorato della difesa dell\u2019ambiente, nell\u2019espletare l\u2019istruttoria tecnica propedeutica all\u2019espressione del parere di competenza, si avvarr\u00e0 di tutte le capacit\u00e0 delle strutture e degli enti regionali di interesse per il progetto specifico, tenendo in debito conto quanto verr\u00e0 espresso da parte delle amministrazioni locali coinvolte e di singoli cittadini o gruppi di portatori di interesse.<\/p>\n<p>Le osservazioni possono essere inviate anche oltre il termine dei 60 giorni, scaduto il 6 luglio 2014, e possono essere inviate, per opportuna conoscenza, anche al Servizio SAVI che le acquisir\u00e0 comunque anche attraverso il Ministero dell\u2019Ambiente\". Com<\/p>\n","protected":false},"excerpt":{"rendered":"<p>L&#8217;onorevole Mauro Pili critica la Regione perch\u00e9 non \u00e8 intervenuta con valutazioni politiche sulla procedura di Valutazione di impatto ambientale nazionale per il progetto &#8220;Intervento&#8230;<\/p>\n","protected":false},"author":2,"featured_media":0,"comment_status":"closed","ping_status":"closed","sticky":false,"template":"","format":"standard","meta":[],"categories":[49],"tags":[],"_links":{"self":[{"href":"https:\/\/www.cronacaonline.it\/index.php\/wp-json\/wp\/v2\/posts\/111484"}],"collection":[{"href":"https:\/\/www.cronacaonline.it\/index.php\/wp-json\/wp\/v2\/posts"}],"about":[{"href":"https:\/\/www.cronacaonline.it\/index.php\/wp-json\/wp\/v2\/types\/post"}],"author":[{"embeddable":true,"href":"https:\/\/www.cronacaonline.it\/index.php\/wp-json\/wp\/v2\/users\/2"}],"replies":[{"embeddable":true,"href":"https:\/\/www.cronacaonline.it\/index.php\/wp-json\/wp\/v2\/comments?post=111484"}],"version-history":[{"count":0,"href":"https:\/\/www.cronacaonline.it\/index.php\/wp-json\/wp\/v2\/posts\/111484\/revisions"}],"wp:attachment":[{"href":"https:\/\/www.cronacaonline.it\/index.php\/wp-json\/wp\/v2\/media?parent=111484"}],"wp:term":[{"taxonomy":"category","embeddable":true,"href":"https:\/\/www.cronacaonline.it\/index.php\/wp-json\/wp\/v2\/categories?post=111484"},{"taxonomy":"post_tag","embeddable":true,"href":"https:\/\/www.cronacaonline.it\/index.php\/wp-json\/wp\/v2\/tags?post=111484"}],"curies":[{"name":"wp","href":"https:\/\/api.w.org\/{rel}","templated":true}]}}