{"id":111390,"date":"2014-07-16T17:20:48","date_gmt":"2014-07-16T16:20:48","guid":{"rendered":"http:\/\/www.cronacaonline.it\/public\/content\/index.php\/16\/07\/2014\/sardegna-e-friuli-contro-linnalzamento-delle-soglie-lecite-di-inquinamento"},"modified":"2014-07-16T17:20:48","modified_gmt":"2014-07-16T16:20:48","slug":"sardegna-e-friuli-contro-linnalzamento-delle-soglie-lecite-di-inquinamento","status":"publish","type":"post","link":"https:\/\/www.cronacaonline.it\/index.php\/2014\/07\/16\/sardegna-e-friuli-contro-linnalzamento-delle-soglie-lecite-di-inquinamento\/","title":{"rendered":"Sardegna e Friuli contro l\u2019innalzamento delle soglie lecite di inquinamento"},"content":{"rendered":"<p>La Sardegna ha trovato un alleato nel Friuli Venezia Giulia nella battaglia per far modificare la norma che innalza le soglie degli inquinanti nei poligoni militari al livello di quelle applicate per le aree industriali. Questa norma, inserita nel decreto legge 91\/2014, \u00e8 considerata dalla Regione Sardegna - tenendo conto dei 34mila ettari di servit\u00f9 militari presenti nell\u2019isola - non compatibile con gli obiettivi di bonifica, n\u00e9 con il risanamento del territorio.<\/p>\n<p>Cos\u00ec ieri Sardegna e Friuli, le due regioni italiani in cui sono pi\u00f9 presenti servit\u00f9 militari, hanno concordato una linea d\u2019azione comune nella commissione tecnica ambiente-energia della conferenza unificata Stato-Regioni-Enti locali. Un tavolo tecnico al quale la Sardegna ha partecipato con una delegazione dell\u2019assessorato dell\u2019Ambiente, costituita da dirigenti ed esperti.<\/p>\n<p>Le notevoli superfici territoriali occupate dalle aree militari, distribuite principalmente tra poligoni missilistici (Perdasdefogu-Quirra), per esercitazioni a fuoco (Capo Teulada), per esercitazioni aeree (Capo Frasca), aeroporti militari (Decimomannu) nonch\u00e9 depositi di carburanti, caserme e sedi di comandi militari, non possono essere indiscriminatamente e genericamente assimilate, hanno sostenuto Sardegna e Friuli, ad aree a uso industriale.<\/p>\n<p>In definitiva, nell\u2019ambito della Conferenza Stato Regioni, la Regione Sardegna e la Regione Friuli chiedono l\u2019eliminazione dalla legge di ogni riferimento ai limiti validi per l\u2019ambito industriale, ribadendo che prima di introdurre principi normativi specifici debba essere ridefinita con lo Stato, e notevolmente ridimensionata, la consistenza delle aree militari comprensiva dell\u2019identificazione delle sub-aree ad alta intensit\u00e0 militare all\u2019interno di tutti i poligoni del territorio regionale. L\u2019intransigenza di tale posizione nasce dalla necessit\u00e0 di restituire alla collettivit\u00e0 e a uno sviluppo sostenibile grandi aree del territorio regionale e di portare contestualmente alla bonifica, in tempi certi, le aree militari compromesse.<br \/>Ci\u00f2 in continuit\u00e0 con la posizione recentemente assunta dall\u2019attuale governo regionale nell\u2019ambito della Conferenza nazionale sulle servit\u00f9 militari, culminata con la scelta di non sottoscrivere il protocollo d\u2019intesa con il Ministero della Difesa.<\/p>\n<p>Ora la parola torna alla politica: le diverse posizione emerse oggi al tavolo tecnico saranno il punto di partenza della prossima riunione della conferenza Stato-Regioni. Com<\/p>\n","protected":false},"excerpt":{"rendered":"<p>La Sardegna ha trovato un alleato nel Friuli Venezia Giulia nella battaglia per far modificare la norma che innalza le soglie degli inquinanti nei poligoni&#8230;<\/p>\n","protected":false},"author":2,"featured_media":0,"comment_status":"closed","ping_status":"closed","sticky":false,"template":"","format":"standard","meta":[],"categories":[49],"tags":[],"_links":{"self":[{"href":"https:\/\/www.cronacaonline.it\/index.php\/wp-json\/wp\/v2\/posts\/111390"}],"collection":[{"href":"https:\/\/www.cronacaonline.it\/index.php\/wp-json\/wp\/v2\/posts"}],"about":[{"href":"https:\/\/www.cronacaonline.it\/index.php\/wp-json\/wp\/v2\/types\/post"}],"author":[{"embeddable":true,"href":"https:\/\/www.cronacaonline.it\/index.php\/wp-json\/wp\/v2\/users\/2"}],"replies":[{"embeddable":true,"href":"https:\/\/www.cronacaonline.it\/index.php\/wp-json\/wp\/v2\/comments?post=111390"}],"version-history":[{"count":0,"href":"https:\/\/www.cronacaonline.it\/index.php\/wp-json\/wp\/v2\/posts\/111390\/revisions"}],"wp:attachment":[{"href":"https:\/\/www.cronacaonline.it\/index.php\/wp-json\/wp\/v2\/media?parent=111390"}],"wp:term":[{"taxonomy":"category","embeddable":true,"href":"https:\/\/www.cronacaonline.it\/index.php\/wp-json\/wp\/v2\/categories?post=111390"},{"taxonomy":"post_tag","embeddable":true,"href":"https:\/\/www.cronacaonline.it\/index.php\/wp-json\/wp\/v2\/tags?post=111390"}],"curies":[{"name":"wp","href":"https:\/\/api.w.org\/{rel}","templated":true}]}}