{"id":111351,"date":"2014-07-02T17:20:48","date_gmt":"2014-07-02T16:20:48","guid":{"rendered":"http:\/\/www.cronacaonline.it\/public\/content\/index.php\/02\/07\/2014\/attilio-dedoni-riformatori---san-raffaele-enorme-soddisfazione-per-parere-unanime-della-commissione-sanita"},"modified":"2014-07-02T17:20:48","modified_gmt":"2014-07-02T16:20:48","slug":"attilio-dedoni-riformatori-san-raffaele-enorme-soddisfazione-per-parere-unanime-della-commissione-sanita","status":"publish","type":"post","link":"https:\/\/www.cronacaonline.it\/index.php\/2014\/07\/02\/attilio-dedoni-riformatori-san-raffaele-enorme-soddisfazione-per-parere-unanime-della-commissione-sanita\/","title":{"rendered":"Attilio Dedoni (Riformatori) &#8211; San Raffaele, \u201cenorme soddisfazione\u201d per parere unanime della Commissione Sanit\u00e0"},"content":{"rendered":"<p>\u201cEnorme soddisfazione\u201d \u00e8 espressa dal capogruppo dei Riformatori Sardi \u2013 Liberaldemocratici in Consiglio regionale, Attilio Dedoni, per il parere positivo espresso dalla Commissione Sanit\u00e0 sulla delibera che d\u00e0 via libera alla realizzazione della clinica ex San Raffaele di Olbia. \u201cL\u2019iter \u00e8 stato lungo e tormentato ma, quando si \u00e8 scelto di rinunciare agli interessi di parte, si \u00e8 riusciti ad arrivare alla conclusione rapidamente e con il miglior risultato possibile\u201d.<\/p>\n<p>\u201cIl pronunciamento unanime della Commissione, infatti, \u00e8 stato raggiunto con l\u2019apporto determinante dell\u2019opposizione, che ha visto accolte alcune proposte di fondamentale importanza\u201d, prosegue Dedoni. \u201cSu tutte, la richiesta dell\u2019approvazione di una norma nazionale che formalizzi la deroga rispetto ai parametri dei posti letto per numero di cittadini, indispensabile per evitare successivi rilievi di legittimit\u00e0 sulla delibera che sar\u00e0 adottata in via definitiva dalla Giunta regionale, e la puntuale verifica finanziaria sugli investimenti che saranno effettuati nella struttura gallurese non soltanto dalla Qatar Foundation ma anche dagli altri partner privati dell\u2019operazione. Senza dimenticare l\u2019assunzione di un\u2019ampia quota di personale locale, necessaria per fare della clinica un\u2019irrinunciabile occasione di sviluppo economico per il territorio\u201d.<\/p>\n<p>\u201cL\u2019ex San Raffaele potr\u00e0 cos\u00ec rappresentare un\u2019opportunit\u00e0, per l\u2019intera Sardegna, di miglioramento qualitativo dell\u2019offerta sanitaria e di sviluppo della ricerca scientifica, sulla quale abbiamo chiesto investimenti ingenti anche alla Regione\u201d, conclude il capogruppo. \u201cInoltre, il parere unanime espresso dalla Commissione Sanit\u00e0 dopo appena due mezze giornate di lavoro \u00e8 la dimostrazione che la politica, quando decide di rinunciare agli interessi contingenti e di pensare soltanto al bene dei sardi, \u00e8 in grado di produrre in tempi ragionevolmente brevi i risultati che i cittadini si aspettano\u201d. Red<\/p>\n","protected":false},"excerpt":{"rendered":"<p>\u201cEnorme soddisfazione\u201d \u00e8 espressa dal capogruppo dei Riformatori Sardi \u2013 Liberaldemocratici in Consiglio regionale, Attilio Dedoni, per il parere positivo espresso dalla Commissione Sanit\u00e0 sulla&#8230;<\/p>\n","protected":false},"author":2,"featured_media":0,"comment_status":"closed","ping_status":"closed","sticky":false,"template":"","format":"standard","meta":[],"categories":[49],"tags":[],"_links":{"self":[{"href":"https:\/\/www.cronacaonline.it\/index.php\/wp-json\/wp\/v2\/posts\/111351"}],"collection":[{"href":"https:\/\/www.cronacaonline.it\/index.php\/wp-json\/wp\/v2\/posts"}],"about":[{"href":"https:\/\/www.cronacaonline.it\/index.php\/wp-json\/wp\/v2\/types\/post"}],"author":[{"embeddable":true,"href":"https:\/\/www.cronacaonline.it\/index.php\/wp-json\/wp\/v2\/users\/2"}],"replies":[{"embeddable":true,"href":"https:\/\/www.cronacaonline.it\/index.php\/wp-json\/wp\/v2\/comments?post=111351"}],"version-history":[{"count":0,"href":"https:\/\/www.cronacaonline.it\/index.php\/wp-json\/wp\/v2\/posts\/111351\/revisions"}],"wp:attachment":[{"href":"https:\/\/www.cronacaonline.it\/index.php\/wp-json\/wp\/v2\/media?parent=111351"}],"wp:term":[{"taxonomy":"category","embeddable":true,"href":"https:\/\/www.cronacaonline.it\/index.php\/wp-json\/wp\/v2\/categories?post=111351"},{"taxonomy":"post_tag","embeddable":true,"href":"https:\/\/www.cronacaonline.it\/index.php\/wp-json\/wp\/v2\/tags?post=111351"}],"curies":[{"name":"wp","href":"https:\/\/api.w.org\/{rel}","templated":true}]}}