{"id":111346,"date":"2014-07-16T17:20:48","date_gmt":"2014-07-16T16:20:48","guid":{"rendered":"http:\/\/www.cronacaonline.it\/public\/content\/index.php\/16\/07\/2014\/renzi-a-bruxelles-sfida-la-fronda-ue-contro-la-mogherini-ma-i-paesi-dellest-europeo-diffidano-di-questa-donna-che-non-rappresenta-nessuno-ed-e-anche-amica-del-dittatore-ras-putin"},"modified":"2014-07-16T17:20:48","modified_gmt":"2014-07-16T16:20:48","slug":"renzi-a-bruxelles-sfida-la-fronda-ue-contro-la-mogherini-ma-i-paesi-dellest-europeo-diffidano-di-questa-donna-che-non-rappresenta-nessuno-ed-e-anche-amica-del-dittatore-ras-putin","status":"publish","type":"post","link":"https:\/\/www.cronacaonline.it\/index.php\/2014\/07\/16\/renzi-a-bruxelles-sfida-la-fronda-ue-contro-la-mogherini-ma-i-paesi-dellest-europeo-diffidano-di-questa-donna-che-non-rappresenta-nessuno-ed-e-anche-amica-del-dittatore-ras-putin\/","title":{"rendered":"Renzi a Bruxelles sfida la fronda Ue contro la Mogherini ma i paesi dell&#8217;Est europeo diffidano di questa donna che non rappresenta nessuno ed \u00e8 anche amica del dittatore Ras-Putin"},"content":{"rendered":"<p>Matteo Renzi vola a Bruxelles per il vertice Ue sulle nomine, determinato a spuntare la nomina di Federica Mogherini a 'Lady Pesc'. Ma la partita, alla vigilia, \u00e8 tutt'altro che scontata ed il premier - che oggi ha avuto un giro di telefonate con la Merkel, Hollande e Van Rompuy \u2013 sembra essere destinato a fare i conti con una vera e propria 'fronda': 10-11 paesi, e non solo dell'Est, pronti a dire no. Intanto a Roma si preparano le contromosse, pronti anche ad andare alla conta. A chiedere cio\u00e8, fa sapere il responsabile per le politiche Ue Sandro Gozi, un voto a maggioranza. Cos\u00ec come \u00e8 stato fatto per Juncker. Perch\u00e9 - \u00e8 il ragionamento di chi fino a qualche giorno fa, forte anche delle consultazioni con i colleghi del Pse, dava per scontato il risultato - quel veto non \u00e8 giustificabile. Non lo \u00e8 nella forma ma anche nella sostanza.<\/p>\n<p>Nella forma verso chi sostiene che la giovane responsabile della Farnesina sia ancora inesperta o, ancor peggio, troppo filorussa. Nella sostanza perch\u00e9 anche se Roma non vuole, e lo ha sempre ribadito, una battaglia per 'le poltrone', \u00e8 decisa comunque a far sentire la sua voce. Quella di Paese che ha sconfitto l'euroscetticismo e che vede il partito del premier primo in Europa. Mentre la questione diventa anche un 'caso' interno con Forza Italia che - per bocca del vicepresidente dell'Eurocamera Antonio Tajani - bolla come un \"errore politico\" chiedere la poltrona di ministro degli Esteri dell'Europa, prevedendo che il risultato sar\u00e0 \"molto difficile\".<\/p>\n<p>Tra i corridoi di Palazzo Chigi si ridimensiona la portata di quella fronda anti-Mogherini che fonti vicine al neo presidente della Commissione Ue, Juncker, oggi stimano in 10-11 Paesi contrari, lasciando intendere che oltre alle cancellerie dell'Est (offese anche del mancato riferimento di Renzi alla crisi Ucraina nel suo discorso di apertura del semestre e pronte a sostenere la candidatura della bulgara Kristalina Georgieva), ci sarebbero anche le scandinave (Finlandia e Svezia). E, forse - si lascia trapelare a Strasburgo - anche qualche dubbio di Berlino. Ma al di l\u00e0 delle tattiche un problema c'\u00e8. Ed il premier lo sa. Renzi arriva ad un vertice Ue che potrebbe non essere quello definitivo sulla partita nomine (ormai sono i pi\u00f9 a scommettere che la questione sia rinviata ancora, ad un altro Consiglio straordinario a fine mese) con davanti una strada tutta in salita.<\/p>\n<p>E non solo per la possibile opposizione alla sua candidata: probabilmente sperava anche di andare a Bruxelles con gi\u00e0 in tasca un passaggio formale sulle sue riforme, quella del Senato. Riforme che rivendica in cambio di quella flessibilit\u00e0 che ha spuntato nell'ultimo vertice, inserendone l'uso maggiore possibile nel comunicato finale, su cui per\u00f2 resta ancora molta ambiguit\u00e0 tra i partner. Tutti d'accordo nel sostenere l'uso di quella gi\u00e0 prevista dai trattati - \u00e8 la cronaca delle ultime settimane nelle dichiarazioni delle capitali - ma nessuno pronto a sbilanciarsi di pi\u00f9. Con le parole di ieri di Mario Draghi che probabilmente non aiutano.<\/p>\n<p>La Mogherini comunque \"ha l'appoggio dell'intera casa del Pse\", ha fatto sapere oggi Gozi, tenendo a sottolineare che \"a noi nessuno ha fatto obiezioni\". Ma pronto ad annunciare che se prese di distanza ci saranno, l'Italia \u00e8 pronta a far valere \"il voto a maggioranza\" e che la candidata italiana fa parte di un accordo che ha portato oggi alla nomina di Juncker. Sulla Mogherini il premier punta per un ruolo - quello di Lady Pesc - che Roma vuole interpretare al massimo di quanto previsto dai trattati, anche e sopratutto nel suo ruolo di vicepresidente della Commissione, lasciando al passato l'immagine di un ministro degli Esteri Ue sul modello della baronessa Asthon (da molti criticata per poca incisivit\u00e0 nel far sentire la voce dell'Ue). Un ruolo su cui per\u00f2 - ammesso che sar\u00e0 portato a casa - pesa anche un altro rischio: l'annuncio di un nuovo Commissario, quello all'immigrazione, potrebbe infatti di fatto rappresentare - secondo alcune letture - una sorta di depotenziamento.<\/p>\n","protected":false},"excerpt":{"rendered":"<p>Matteo Renzi vola a Bruxelles per il vertice Ue sulle nomine, determinato a spuntare la nomina di Federica Mogherini a &#8216;Lady Pesc&#8217;. Ma la partita,&#8230;<\/p>\n","protected":false},"author":2,"featured_media":0,"comment_status":"closed","ping_status":"closed","sticky":false,"template":"","format":"standard","meta":[],"categories":[49],"tags":[],"_links":{"self":[{"href":"https:\/\/www.cronacaonline.it\/index.php\/wp-json\/wp\/v2\/posts\/111346"}],"collection":[{"href":"https:\/\/www.cronacaonline.it\/index.php\/wp-json\/wp\/v2\/posts"}],"about":[{"href":"https:\/\/www.cronacaonline.it\/index.php\/wp-json\/wp\/v2\/types\/post"}],"author":[{"embeddable":true,"href":"https:\/\/www.cronacaonline.it\/index.php\/wp-json\/wp\/v2\/users\/2"}],"replies":[{"embeddable":true,"href":"https:\/\/www.cronacaonline.it\/index.php\/wp-json\/wp\/v2\/comments?post=111346"}],"version-history":[{"count":0,"href":"https:\/\/www.cronacaonline.it\/index.php\/wp-json\/wp\/v2\/posts\/111346\/revisions"}],"wp:attachment":[{"href":"https:\/\/www.cronacaonline.it\/index.php\/wp-json\/wp\/v2\/media?parent=111346"}],"wp:term":[{"taxonomy":"category","embeddable":true,"href":"https:\/\/www.cronacaonline.it\/index.php\/wp-json\/wp\/v2\/categories?post=111346"},{"taxonomy":"post_tag","embeddable":true,"href":"https:\/\/www.cronacaonline.it\/index.php\/wp-json\/wp\/v2\/tags?post=111346"}],"curies":[{"name":"wp","href":"https:\/\/api.w.org\/{rel}","templated":true}]}}