{"id":111335,"date":"2014-07-14T17:20:48","date_gmt":"2014-07-14T16:20:48","guid":{"rendered":"http:\/\/www.cronacaonline.it\/public\/content\/index.php\/14\/07\/2014\/cisl-sardegna-dichiarazione-del-segretario-generale-oriana-putzolu-aumenta-la-poverta-ferma-la-regione"},"modified":"2014-07-14T17:20:48","modified_gmt":"2014-07-14T16:20:48","slug":"cisl-sardegna-dichiarazione-del-segretario-generale-oriana-putzolu-aumenta-la-poverta-ferma-la-regione","status":"publish","type":"post","link":"https:\/\/www.cronacaonline.it\/index.php\/2014\/07\/14\/cisl-sardegna-dichiarazione-del-segretario-generale-oriana-putzolu-aumenta-la-poverta-ferma-la-regione\/","title":{"rendered":"Cisl Sardegna, dichiarazione del segretario generale Oriana Putzolu: aumenta la povert\u00e0. Ferma la Regione"},"content":{"rendered":"<p>Solamente il lavoro pu\u00f2 essere la risposta urgente e doverosa della politica al dramma della povert\u00e0 che l\u2019Istat nel 2013 ha registrato in aumento in Sardegna di ben 4 punti rispetto al 2012.<\/p>\n<p>Un quarto delle famiglie sarde, secondo l\u2019Istituto di Statistica, si trova al di sotto della soglia di povert\u00e0 relativa. Una condizione \u2013 lo dichiara l\u2019Istat \u2013 che interessa soprattutto le famiglie con a capo operai e disoccupati.<\/p>\n<p>La Regione, se vuole, ha in mano la fotografia di questi poveri, da ricercare soprattutto tra 150 mila disoccupati e oltre 147 mila lavoratori che, a vario titolo, usufruiscono degli ammortizzatori sociali.<\/p>\n<p>Nonostante annunci e promesse da campagna elettorale, la Regione dall\u2019inizio dell\u2019anno non \u00e8 ancora riuscita a elaborare e presentare alle forze sociali un progetto organico di lotta alla disoccupazione. Di pi\u00f9: non ha ancora definito un piano per recuperare le strutturali diseconomie che affliggono la Sardegna, palla al piede di ogni tentativo di rilancio economico e sociale.<\/p>\n<p>I tempi della Giunta Pigliaru rischiano di essere palesemente incompatibili con l\u2019esigenza di 400 mila sardi di mettere insieme ogni giorno almeno pranzo e cena.<\/p>\n<p>Senza il lavoro, anche le miracolistiche promesse del Presidente della Regione e le sbandierate riforme risulteranno scatole vuote. Il sindacato, la Cisl, non pu\u00f2 accettare future annunciate riforme mentre l\u2019isola e i lavoratori vanno alla deriva.<\/p>\n","protected":false},"excerpt":{"rendered":"<p>Solamente il lavoro pu\u00f2 essere la risposta urgente e doverosa della politica al dramma della povert\u00e0 che l\u2019Istat nel 2013 ha registrato in aumento in&#8230;<\/p>\n","protected":false},"author":2,"featured_media":0,"comment_status":"closed","ping_status":"closed","sticky":false,"template":"","format":"standard","meta":[],"categories":[49],"tags":[],"_links":{"self":[{"href":"https:\/\/www.cronacaonline.it\/index.php\/wp-json\/wp\/v2\/posts\/111335"}],"collection":[{"href":"https:\/\/www.cronacaonline.it\/index.php\/wp-json\/wp\/v2\/posts"}],"about":[{"href":"https:\/\/www.cronacaonline.it\/index.php\/wp-json\/wp\/v2\/types\/post"}],"author":[{"embeddable":true,"href":"https:\/\/www.cronacaonline.it\/index.php\/wp-json\/wp\/v2\/users\/2"}],"replies":[{"embeddable":true,"href":"https:\/\/www.cronacaonline.it\/index.php\/wp-json\/wp\/v2\/comments?post=111335"}],"version-history":[{"count":0,"href":"https:\/\/www.cronacaonline.it\/index.php\/wp-json\/wp\/v2\/posts\/111335\/revisions"}],"wp:attachment":[{"href":"https:\/\/www.cronacaonline.it\/index.php\/wp-json\/wp\/v2\/media?parent=111335"}],"wp:term":[{"taxonomy":"category","embeddable":true,"href":"https:\/\/www.cronacaonline.it\/index.php\/wp-json\/wp\/v2\/categories?post=111335"},{"taxonomy":"post_tag","embeddable":true,"href":"https:\/\/www.cronacaonline.it\/index.php\/wp-json\/wp\/v2\/tags?post=111335"}],"curies":[{"name":"wp","href":"https:\/\/api.w.org\/{rel}","templated":true}]}}