{"id":111307,"date":"2014-07-14T17:20:48","date_gmt":"2014-07-14T16:20:48","guid":{"rendered":"http:\/\/www.cronacaonline.it\/public\/content\/index.php\/14\/07\/2014\/lingua-blu-falchi-chiedero-alla-giunta-di-costituirci-parte-civile"},"modified":"2014-07-14T17:20:48","modified_gmt":"2014-07-14T16:20:48","slug":"lingua-blu-falchi-chiedero-alla-giunta-di-costituirci-parte-civile","status":"publish","type":"post","link":"https:\/\/www.cronacaonline.it\/index.php\/2014\/07\/14\/lingua-blu-falchi-chiedero-alla-giunta-di-costituirci-parte-civile\/","title":{"rendered":"Lingua blu: falchi, chieder\u00f2 alla giunta di costituirci parte civile"},"content":{"rendered":"<p>\u201cSe l\u2019inchiesta sull\u2019acquisto e la somministrazione dei vaccini contro la Lingua blu, aperta dalla Procura di Roma, sar\u00e0 suffragata da riscontri che porteranno a un rinvio a giudizio, la Regione star\u00e0 con pi\u00f9 forza di prima dalla parte dei pastori, della parte offesa, di chi in questi anni ha visto decimate o sterminate le proprie greggi. Per questo proporr\u00f2 alla Giunta di costituirci parte civile\u201d. Lo ha detto l\u2019Assessore dell\u2019Agricoltura, Elisabetta Falchi, commentando la notizia rilanciata dai quotidiani. \u201cIn passato, contro l\u2019epidemia, si \u00e8 sempre agito in maniera estemporanea, comprando medicinali spesso con procedure d\u2019urgenza e senza avere il tempo di testarli in loco\u201d.<\/p>\n<p>L\u2019esponente della Giunta Pigliaru propone un cambio di rotta radicale che parta dal mettere a sistema le Agenzie agricole, il settore sanitario e veterinario per un monitoraggio costante sui territori. \u201cUn lavoro che, se attivato per tempo, pu\u00f2 permettere di riconoscere i sierotipi del virus e far testare in greggi campione i vaccini \u2013 ha spiegato Falchi \u2013. Asl, Ara (Associazione regionale allevatori), Agris, Istituto zooprofilattico e gli altri attori del settore devono comunicare bene tra loro per mettere in moto azioni di coordinamento e governance, che in passato sono spesso state assenti\u201d.<\/p>\n<p>Per valorizzare le tante eccellenze presenti in Sardegna, l\u2019assessore ha proposto di coinvolgere nella ricerca e nella produzione di questi vaccini le universit\u00e0 regionali: \u201cSpendiamo tanti soldi e dobbiamo impedire che accadano queste cose portando la nostra isola all\u2019avanguardia nella ricerca e nella cura. Siamo fra i primi che vengono colpiti dai virus che arrivano dall\u2019Africa e perch\u00e9 non dobbiamo essere i primi a studiarli e a proporre al resto dell\u2019Europa gli antidoti?\u201d<\/p>\n<p>I vaccini in arrivo in questi mesi sono figli di un iter d\u2019acquisto partito a fine 2013. Si tratta di immunizzanti spenti che, in teoria, non dovrebbero creare alcun problema di rilievo.<\/p>\n<p>A colpire le greggi non c\u2019\u00e8 solo la lingua blu. \u201cIn quest\u2019ultimo periodo \u2013 ha aggiunto l\u2019assessore \u2013 si sta diffondendo in maniera pericolosa il virus Visna Maedi, che va monitorato con estrema attenzione\u201d.&nbsp;<\/p>\n<p>Sul versante dello stanziamento di 28milioni, da destinare alle aziende agricole colpite dall\u2019epidemia, sono state presentate oggi le controdeduzioni richieste dalla Ragioneria dello Stato alla Regione la scorsa settimana. \u201cRiteniamo \u2013 ha concluso Falchi \u2013 che le nostre tesi siano fondate e siano pi\u00f9 che sufficienti per evitare l\u2019impugnativa\u201d. Com<\/p>\n","protected":false},"excerpt":{"rendered":"<p>\u201cSe l\u2019inchiesta sull\u2019acquisto e la somministrazione dei vaccini contro la Lingua blu, aperta dalla Procura di Roma, sar\u00e0 suffragata da riscontri che porteranno a un&#8230;<\/p>\n","protected":false},"author":2,"featured_media":0,"comment_status":"closed","ping_status":"closed","sticky":false,"template":"","format":"standard","meta":[],"categories":[49],"tags":[],"_links":{"self":[{"href":"https:\/\/www.cronacaonline.it\/index.php\/wp-json\/wp\/v2\/posts\/111307"}],"collection":[{"href":"https:\/\/www.cronacaonline.it\/index.php\/wp-json\/wp\/v2\/posts"}],"about":[{"href":"https:\/\/www.cronacaonline.it\/index.php\/wp-json\/wp\/v2\/types\/post"}],"author":[{"embeddable":true,"href":"https:\/\/www.cronacaonline.it\/index.php\/wp-json\/wp\/v2\/users\/2"}],"replies":[{"embeddable":true,"href":"https:\/\/www.cronacaonline.it\/index.php\/wp-json\/wp\/v2\/comments?post=111307"}],"version-history":[{"count":0,"href":"https:\/\/www.cronacaonline.it\/index.php\/wp-json\/wp\/v2\/posts\/111307\/revisions"}],"wp:attachment":[{"href":"https:\/\/www.cronacaonline.it\/index.php\/wp-json\/wp\/v2\/media?parent=111307"}],"wp:term":[{"taxonomy":"category","embeddable":true,"href":"https:\/\/www.cronacaonline.it\/index.php\/wp-json\/wp\/v2\/categories?post=111307"},{"taxonomy":"post_tag","embeddable":true,"href":"https:\/\/www.cronacaonline.it\/index.php\/wp-json\/wp\/v2\/tags?post=111307"}],"curies":[{"name":"wp","href":"https:\/\/api.w.org\/{rel}","templated":true}]}}