{"id":111267,"date":"2014-07-09T17:20:48","date_gmt":"2014-07-09T16:20:48","guid":{"rendered":"http:\/\/www.cronacaonline.it\/public\/content\/index.php\/09\/07\/2014\/riforma-regione-gianmario-demuro-incontra-le-parti-sociali"},"modified":"2014-07-09T17:20:48","modified_gmt":"2014-07-09T16:20:48","slug":"riforma-regione-gianmario-demuro-incontra-le-parti-sociali","status":"publish","type":"post","link":"https:\/\/www.cronacaonline.it\/index.php\/2014\/07\/09\/riforma-regione-gianmario-demuro-incontra-le-parti-sociali\/","title":{"rendered":"Riforma regione: Gianmario Demuro incontra le parti sociali"},"content":{"rendered":"<p>L\u2019assessore degli Affari generali, personale e riforma della Regione, Gianmario Demuro, ha illustrato oggi ai sindacati il disegno di legge sulla riforma dell\u2019organizzazione della Regione, dopo l\u2019approvazione avvenuta ieri in Giunta.<\/p>\n<p>\u201cQuesto testo \u2013 ha spiegato Demuro \u2013 \u00e8 un primo gradino che porter\u00e0 nei prossimi anni a riorganizzare la Regione anche per far lavorare meglio chi oggi gi\u00e0 ci lavora\u201d. Il faccia a faccia con le parti sociali \u00e8 stato arricchito da proposte, obiezioni e inviti a un confronto pi\u00f9 serrato, cos\u00ec da allargare lo spazio della discussione in vista dell\u2019approdo del testo in Consiglio regionale.<\/p>\n<p>\u201cI governi hanno il dovere di fare proposte \u2013 ha aggiunto l\u2019assessore \u2013 e questa Giunta porta avanti un\u2019azione politica collegiale: prima si approva il disegno di legge in Giunta e poi si presenta subito alle parti. Cos\u00ec abbiamo fatto, convocando meno di 24 ore dopo le organizzazioni sindacali\u201d. Demuro ha detto di aspettarsi \u201ccollaborazione, proposte e uno scambio positivo, perch\u00e9 i tempi sono difficili per tutti\u201d.<\/p>\n<p>L'assessore ha poi ascoltato le varie posizioni e ha confermato la disponibilit\u00e0 a proseguire il dialogo \u201cche non si chiude oggi, ma che da oggi parte\u201d. Red-com<\/p>\n","protected":false},"excerpt":{"rendered":"<p>L\u2019assessore degli Affari generali, personale e riforma della Regione, Gianmario Demuro, ha illustrato oggi ai sindacati il disegno di legge sulla riforma dell\u2019organizzazione della Regione,&#8230;<\/p>\n","protected":false},"author":2,"featured_media":0,"comment_status":"closed","ping_status":"closed","sticky":false,"template":"","format":"standard","meta":[],"categories":[49],"tags":[],"_links":{"self":[{"href":"https:\/\/www.cronacaonline.it\/index.php\/wp-json\/wp\/v2\/posts\/111267"}],"collection":[{"href":"https:\/\/www.cronacaonline.it\/index.php\/wp-json\/wp\/v2\/posts"}],"about":[{"href":"https:\/\/www.cronacaonline.it\/index.php\/wp-json\/wp\/v2\/types\/post"}],"author":[{"embeddable":true,"href":"https:\/\/www.cronacaonline.it\/index.php\/wp-json\/wp\/v2\/users\/2"}],"replies":[{"embeddable":true,"href":"https:\/\/www.cronacaonline.it\/index.php\/wp-json\/wp\/v2\/comments?post=111267"}],"version-history":[{"count":0,"href":"https:\/\/www.cronacaonline.it\/index.php\/wp-json\/wp\/v2\/posts\/111267\/revisions"}],"wp:attachment":[{"href":"https:\/\/www.cronacaonline.it\/index.php\/wp-json\/wp\/v2\/media?parent=111267"}],"wp:term":[{"taxonomy":"category","embeddable":true,"href":"https:\/\/www.cronacaonline.it\/index.php\/wp-json\/wp\/v2\/categories?post=111267"},{"taxonomy":"post_tag","embeddable":true,"href":"https:\/\/www.cronacaonline.it\/index.php\/wp-json\/wp\/v2\/tags?post=111267"}],"curies":[{"name":"wp","href":"https:\/\/api.w.org\/{rel}","templated":true}]}}