{"id":111253,"date":"2014-06-16T17:20:48","date_gmt":"2014-06-16T16:20:48","guid":{"rendered":"http:\/\/www.cronacaonline.it\/public\/content\/index.php\/16\/06\/2014\/domani-lassemblea-della-confesercenti-tre-ministri-in-collegamento-audiovideo-da-roma"},"modified":"2014-06-16T17:20:48","modified_gmt":"2014-06-16T16:20:48","slug":"domani-lassemblea-della-confesercenti-tre-ministri-in-collegamento-audiovideo-da-roma","status":"publish","type":"post","link":"https:\/\/www.cronacaonline.it\/index.php\/2014\/06\/16\/domani-lassemblea-della-confesercenti-tre-ministri-in-collegamento-audiovideo-da-roma\/","title":{"rendered":"Domani l\u2019Assemblea della Confesercenti: tre ministri in collegamento audio\/video da Roma"},"content":{"rendered":"<p>Domani, alle 9:30 (Caesar\u2019s Hotel, via Darwin - Cagliari), si terr\u00e0 l\u2019Assemblea regionale della Confesercenti Sardegna. I lavori saranno coordinati dal presidente Marco Sulis. Quasi in contemporanea, l\u2019Auditorium Parco della Musica di Roma ospiter\u00e0 l\u2019Assemblea nazionale della stessa Associazione. Sei regioni, compresa la Sardegna, si collegheranno in diretta audio\/video per fare un focus sulle realt\u00e0 locali.<\/p>\n<p>Alle 10:35 il presidente nazionale, Marco Venturi, presenter\u00e0 la sua relazione annuale. Alle 11 inizieranno i collegamenti con le assemblee territoriali, prime fra tutte quelle di Firenze e Torino (dove \u00e8 previsto l\u2019intervento del sindaco Piero Fassino, presidente nazionale dell\u2019Anci). Alle 11:20 interverr\u00e0 il ministro dello Sviluppo economico, Federica Guidi, ospite a Roma.<\/p>\n<p>Dopo i collegamenti con Palermo e Genova sar\u00e0 la volta di Cagliari: parleranno l\u2019assessore comunale alle Attivit\u00e0 produttive, Barbara Argiolas, e il presidente della Confesercenti Sardegna, Marco Sulis. Venezia chiuder\u00e0 il giro, quindi si torner\u00e0 nella capitale, dove la giornalista Federica De Sanctis intervister\u00e0 il ministro delle Infrastrutture e dei Trasporti, Maurizio Lupi, e il ministro del Lavoro e delle Politiche sociali, Giuliano Poletti. La chiusura dei lavori spetter\u00e0 al presidente nazionale, Marco Venturi. Com<\/p>\n","protected":false},"excerpt":{"rendered":"<p>Domani, alle 9:30 (Caesar\u2019s Hotel, via Darwin &#8211; Cagliari), si terr\u00e0 l\u2019Assemblea regionale della Confesercenti Sardegna. I lavori saranno coordinati dal presidente Marco Sulis. Quasi&#8230;<\/p>\n","protected":false},"author":2,"featured_media":0,"comment_status":"closed","ping_status":"closed","sticky":false,"template":"","format":"standard","meta":[],"categories":[49],"tags":[],"_links":{"self":[{"href":"https:\/\/www.cronacaonline.it\/index.php\/wp-json\/wp\/v2\/posts\/111253"}],"collection":[{"href":"https:\/\/www.cronacaonline.it\/index.php\/wp-json\/wp\/v2\/posts"}],"about":[{"href":"https:\/\/www.cronacaonline.it\/index.php\/wp-json\/wp\/v2\/types\/post"}],"author":[{"embeddable":true,"href":"https:\/\/www.cronacaonline.it\/index.php\/wp-json\/wp\/v2\/users\/2"}],"replies":[{"embeddable":true,"href":"https:\/\/www.cronacaonline.it\/index.php\/wp-json\/wp\/v2\/comments?post=111253"}],"version-history":[{"count":0,"href":"https:\/\/www.cronacaonline.it\/index.php\/wp-json\/wp\/v2\/posts\/111253\/revisions"}],"wp:attachment":[{"href":"https:\/\/www.cronacaonline.it\/index.php\/wp-json\/wp\/v2\/media?parent=111253"}],"wp:term":[{"taxonomy":"category","embeddable":true,"href":"https:\/\/www.cronacaonline.it\/index.php\/wp-json\/wp\/v2\/categories?post=111253"},{"taxonomy":"post_tag","embeddable":true,"href":"https:\/\/www.cronacaonline.it\/index.php\/wp-json\/wp\/v2\/tags?post=111253"}],"curies":[{"name":"wp","href":"https:\/\/api.w.org\/{rel}","templated":true}]}}