{"id":111250,"date":"2014-06-12T17:20:48","date_gmt":"2014-06-12T16:20:48","guid":{"rendered":"http:\/\/www.cronacaonline.it\/public\/content\/index.php\/12\/06\/2014\/caso-mineo-13-senatori-pd-si-autosospendono-renzi-il-pd-non-e-un-taxi"},"modified":"2014-06-12T17:20:48","modified_gmt":"2014-06-12T16:20:48","slug":"caso-mineo-13-senatori-pd-si-autosospendono-renzi-il-pd-non-e-un-taxi","status":"publish","type":"post","link":"https:\/\/www.cronacaonline.it\/index.php\/2014\/06\/12\/caso-mineo-13-senatori-pd-si-autosospendono-renzi-il-pd-non-e-un-taxi\/","title":{"rendered":"Caso Mineo, 13 senatori Pd si autosospendono. Renzi: il Pd non \u00e8 un taxi"},"content":{"rendered":"<p>Tredici senatori del Partito democratico si sono autosospesi per protesta nei confronti della sostituzione in commissione Affari costituzionali di Corradino Mineo, decisa ieri sera dall'ufficio di presidenza del gruppo a Palazzo Madama. A darne notizia in Aula \u00e8 stato il senatore Paolo Corsini.<br \/>\"A nostro modo vedere \u00e8 stato commesso un atto illecito in violazione grave dell'articolo 67 della Costituzione che garantisce l'autonomia del parlamentare - afferma Felice Casson, uno dei 13 -. E siccome la contestazione non riguarda solo il Pd ma la Carta e il Senato, abbiamo voluto comunicarlo all'Assemblea. Per il momento ci siamo autosospesi fino all'assemblea di marted\u00ec, poi decideremo cosa fare. Se il capogruppo Zanda riterr\u00e0 di chiamarci per sentirci, noi siamo disponibili ma per il momento non c'\u00e8 stato ancora alcun contatto\".<\/p>\n<p>Secondo quanto viene spiegato da fonti del gruppo, Mineo non era un membro permanente della commissione, dal momento che aveva sostituito Marco Minniti, andato al governo. Condizione in cui si trovavano anche altri due membri Pd della Commissione: Roberto Cociancich, subentrato a Luciano Pizzetti, anche lui entrato nel governo; e Luigi Migliavacca, sostituto di Vannino Chiti, che ha avuto un ruolo da presidente della commissione Politiche Ue.<\/p>\n<p>\"E' un errore: non \u00e8 utile n\u00e9 a Renzi n\u00e9 al governo n\u00e9 al partito cercare di far passare in Commissione le riforme con un muro contro muro. E' un autogol per il governo e per il partito\". Mineo commenta cos\u00ec la sua sostituzione. Sostituzione che ha appreso \"solo in via informale da un collega\". \"Non ho ricevuto alcuna comunicazione ufficiale della mia sostituzione - racconta Mineo - me l'ha detto il collega Walter Tocci, che a sua volta l'aveva saputo da altri...\".&nbsp; \"E' una decisione che non capisco e non approvo\".<\/p>\n<p>\"E' stupefacente che Mineo parli di epurazione. Un partito non \u00e8 un taxi che uno prende per farsi eleggere. Cos\u00ec il premier Matteo Renzi, parlando con i suoi al ritorno della missione in Oriente, sulla crisi nel Pd dopo la sostituzione di Mineo. Il partito \u00e8 davanti a un bivio, \"non ho preso il 41% per lasciare il futuro del Paese a Mineo\", ha aggiunto il premier, rientrando in Italia. Renzi si prepara a dar battaglia all'assemblea del Pd che avr\u00e0 come scenografia un enorme 40.8 come sfondo.<\/p>\n<p>Tredici senatori non possono permettersi di mettere in discussione il volere di 12 milioni di elettori e non possono bloccare le riforme che hanno chiesto gli italiani\". Cos\u00ec Luca Lotti, sottosegretario alla Presidenza. \"Ci aspettavamo 20 persone, sono solo 13. Mineo ha tradito l'accordo con il gruppo. Siamo un partito Democratico, non anarchico\".<\/p>\n<p>\"Nessuno ha chiesto loro di autosospendersi. Dovranno essere loro a decidere se far parte del processo di riforme o fare una scelta diversa\". Lo ha detto il ministro Maria Elena Boschi parlando a Montecitorio con i giornalisti che le hanno chiesto se ci sia una via di uscita allo scontro con i 13 senatori dissidenti sulle riforme.<\/p>\n","protected":false},"excerpt":{"rendered":"<p>Tredici senatori del Partito democratico si sono autosospesi per protesta nei confronti della sostituzione in commissione Affari costituzionali di Corradino Mineo, decisa ieri sera dall&#8217;ufficio&#8230;<\/p>\n","protected":false},"author":2,"featured_media":0,"comment_status":"closed","ping_status":"closed","sticky":false,"template":"","format":"standard","meta":[],"categories":[49],"tags":[],"_links":{"self":[{"href":"https:\/\/www.cronacaonline.it\/index.php\/wp-json\/wp\/v2\/posts\/111250"}],"collection":[{"href":"https:\/\/www.cronacaonline.it\/index.php\/wp-json\/wp\/v2\/posts"}],"about":[{"href":"https:\/\/www.cronacaonline.it\/index.php\/wp-json\/wp\/v2\/types\/post"}],"author":[{"embeddable":true,"href":"https:\/\/www.cronacaonline.it\/index.php\/wp-json\/wp\/v2\/users\/2"}],"replies":[{"embeddable":true,"href":"https:\/\/www.cronacaonline.it\/index.php\/wp-json\/wp\/v2\/comments?post=111250"}],"version-history":[{"count":0,"href":"https:\/\/www.cronacaonline.it\/index.php\/wp-json\/wp\/v2\/posts\/111250\/revisions"}],"wp:attachment":[{"href":"https:\/\/www.cronacaonline.it\/index.php\/wp-json\/wp\/v2\/media?parent=111250"}],"wp:term":[{"taxonomy":"category","embeddable":true,"href":"https:\/\/www.cronacaonline.it\/index.php\/wp-json\/wp\/v2\/categories?post=111250"},{"taxonomy":"post_tag","embeddable":true,"href":"https:\/\/www.cronacaonline.it\/index.php\/wp-json\/wp\/v2\/tags?post=111250"}],"curies":[{"name":"wp","href":"https:\/\/api.w.org\/{rel}","templated":true}]}}