{"id":111242,"date":"2014-06-23T17:20:48","date_gmt":"2014-06-23T16:20:48","guid":{"rendered":"http:\/\/www.cronacaonline.it\/public\/content\/index.php\/23\/06\/2014\/il-nuovo-visionario-monumentale-allestimento-di-pinuccio-sciola-di-turandot-estremo-capolavoro-di-giacomo-puccini-impreziosisce-la-stagione-lirica-e-di-balletto-2014"},"modified":"2014-06-23T17:20:48","modified_gmt":"2014-06-23T16:20:48","slug":"il-nuovo-visionario-monumentale-allestimento-di-pinuccio-sciola-di-turandot-estremo-capolavoro-di-giacomo-puccini-impreziosisce-la-stagione-lirica-e-di-balletto-2014","status":"publish","type":"post","link":"https:\/\/www.cronacaonline.it\/index.php\/2014\/06\/23\/il-nuovo-visionario-monumentale-allestimento-di-pinuccio-sciola-di-turandot-estremo-capolavoro-di-giacomo-puccini-impreziosisce-la-stagione-lirica-e-di-balletto-2014\/","title":{"rendered":"Il nuovo, visionario, monumentale allestimento di Pinuccio Sciola di Turandot, estremo capolavoro di Giacomo Puccini, impreziosisce la Stagione lirica e di balletto 2014"},"content":{"rendered":"<p>Venerd\u00ec 27 giugno alle 21 (turno A), per la Stagione lirica e di balletto 2014 del Teatro Lirico di Cagliari, va in scena il terzo appuntamento con l\u2019opera: Turandot, dramma lirico in tre atti e cinque quadri su libretto di Giuseppe Adami e Renato Simoni, dalla fiaba teatrale omonima di Carlo Gozzi e musica di Giacomo Puccini (Lucca, 1858 - Bruxelles, 1924).<br \/>Il nuovo allestimento del Teatro Lirico di Cagliari dell\u2019opera \u00e8 firmato, per la regia, dal fiorentino Pier Francesco Maestrini che si avvale, per l\u2019impianto scenico, di un autorevole artista e celebre scultore sardo al suo debutto nell\u2019opera lirica Pinuccio Sciola, mentre per i costumi di Marco Nateri e per le luci di Simon Corder.<\/p>\n<p>Al giovane maestro milanese Giampaolo Bisanti, tra i migliori interpreti del grande repertorio musicale che ritorna a Cagliari dopo il verdiano Otello dello scorso anno, spetta il compito di dirigere l\u2019Orchestra, il Coro del Teatro Lirico di Cagliari e il Coro di voci bianche del Conservatorio Statale di Musica \u201cGiovanni Pierluigi da Palestrina\u201d di Cagliari nell\u2019estremo capolavoro del geniale compositore toscano. Il maestro del coro \u00e8 Marco Faelli, mentre il maestro del coro di voci bianche \u00e8 Enrico Di Maira.<\/p>\n<p>Protagonisti dell\u2019opera sono giovani ed affermati cantanti che si alternano nelle recite quali: Maria Billeri (27 giugno, 5-9-12-16-19-23 luglio, 2-13 agosto)\/Annalena Persson (2-26-30 luglio, 6-9-16 agosto) (Turandot), Davide D\u2019Elia (Altoum), Carlo Cigni (27 giugno, 2-30 luglio, 2-6-9-13-16 agosto)\/Rafal Siwek (5-9-12-16-19-23-26 luglio) (Timur), Roberto Aronica (27 giugno, 2-9-12-16 luglio)\/Francesco Anile (19-26 luglio)\/Marcello Giordani (5-23-30 luglio, 2 agosto)\/Rudy Park (6-9-13-16 agosto) [Il Principe ignoto (Calaf)], Maria Katzarava (27 giugno, 5-12-16-19 luglio, 9-13-16 agosto)\/Valentina Farcas (2-9-23-26-30 luglio, 2-6 agosto) (Li\u00f9), Gezim Myshketa (27 giugno, 2-16-19-23-26-30 luglio, 6-9-13-16 agosto)\/Giovanni Guagliardo (5-9-12 luglio, 2 agosto) (Ping), Gregory Bonfatti (Pang), Massimiliano Chiarolla (Pong), George Andguladze (Un Mandarino), Mauro Secci (Il Principe di Persia), Graziella Ortu\/Loredana Aramu (Prima ancella), Luana Spinola\/Juliana Vivian Carone (Seconda ancella).<\/p>\n<p>L\u2019edizione dell\u2019opera proposta quest\u2019anno al Teatro Lirico di Cagliari \u00e8 la versione originale incompiuta, quella che and\u00f2 in scena alla prima scaligera del 1926 quando, dopo il mi bemolle dell\u2019ottavino che chiude la grande scena della morte di Li\u00f9 (atto III, quadro primo), il maestro Arturo Toscanini, voltandosi parzialmente verso il pubblico, disse \u00abQui finisce l\u2019opera, rimasta incompiuta per la morte del Maestro\u00bb.<\/p>\n<p>Il nuovo allestimento di Turandot mostra una Cina atemporale ed una Pechino di pietra dalle tonalit\u00e0 chiare (si passa dal bianco al grigio, attraverso le varie sfumature del beige), dove si \u201cmuovono\u201d 220 costumi dai colori puri, lontani dal decorativismo cinese, ma strettamente legati alle forme e fogge orientali dei primi del \u2018900.<\/p>\n<p>Il monumentale impianto scenico di Pinuccio Sciola supera l\u2019area tradizionale a lui designata, quella appunto del palcoscenico, per proseguire idealmente negli altri spazi del Teatro, in particolare il piazzale principale ed il foyer di platea, dove sono state collocate due gigantesche riproduzioni, di 12 e 9 metri, di due sue sculture che riconducono alle architetture futuristiche della Pechino pietrificata immaginata dall\u2019artista-scenografo per il capolavoro pucciniano. Ad incorniciare il tutto una serie di segni grafici, realizzati con l\u2019uso di canne, dell\u2019artista di San Sperate che riportano ad atmosfere orientali ed a suggestioni legate agli ideogrammi cinesi.<\/p>\n<p>Turandot, capolavoro incompiuto del teatro musicale novecentesco, interrotta al terzo atto con l\u2019aria di Li\u00f9 \u00abTu che di gel sei cinta\u00bb per la morte di Puccini, avvenuta il 29 novembre del 1924, fu completata in seguito da Franco Alfano sulla base degli schizzi lasciati dall\u2019autore. E incompiuta fu rappresentata da Arturo Toscanini alla prima scaligera del 25 aprile 1926, quando interruppe l\u2019esecuzione proprio l\u00e0 dove Puccini aveva terminato l\u2019opera in partitura, dopo la morte di Li\u00f9.<\/p>\n<p>L\u2019argomento fiabesco, lo stesso personaggio di Turandot, favoloso nella sua coerenza nel male come nell\u2019improvviso mutamento finale dei sentimenti, erano nuovi per Puccini, fino allora interessato a ben diversi soggetti. L\u2019esotismo come fatto linguistico in grado di rinnovare con armonie dissonanti le stanche strutture della musica occidentale e la melodia sentimentale e patetica del pi\u00f9 consueto stile pucciniano si intersecano perfettamente in quest\u2019ultimo ed estremo capolavoro pucciniano.<\/p>\n<p>L\u2019opera, della durata complessiva di 2 ore e 15 minuti circa compresi due intervalli, viene, ovviamente, rappresentata in lingua italiana, ma, come ormai tradizione al Teatro Lirico di Cagliari, viene eseguita con l\u2019ausilio dei sopratitoli che, scorrendo sull\u2019arco scenico del boccascena, favoriscono la comprensione del libretto.<\/p>\n<p>Turandot, assente dal 2004 da Cagliari, viene replicata, con inizio sempre alle 21: mercoled\u00ec 2 luglio (turno F), sabato 5 luglio (turno D), mercoled\u00ec 9 luglio (turno B), sabato 12 luglio (turno E), mercoled\u00ec 16 luglio (turno C), sabato 19 luglio (turno G), mercoled\u00ec 23 luglio (fuori abbonamento), sabato 26 luglio (fuori abbonamento), mercoled\u00ec 30 luglio (fuori abbonamento), sabato 2 agosto (fuori abbonamento), mercoled\u00ec 6 agosto (fuori abbonamento), sabato 9 agosto (fuori abbonamento), mercoled\u00ec 13 agosto (fuori abbonamento), sabato 16 agosto (fuori abbonamento).<br \/>Prezzi biglietti: platea da \u20ac 70,00 a \u20ac 45,00 (settore giallo), da \u20ac 55,00 a \u20ac 35,00 (settore rosso), da \u20ac 40,00 a \u20ac 25,00 (settore blu); I loggia da \u20ac 50,00 a \u20ac 30,00 (settore giallo), da \u20ac 40,00 a \u20ac 25,00 (settore rosso), da \u20ac 35,00 a \u20ac 20,00 (settore blu); II loggia da \u20ac 30,00 a \u20ac 20,00 (settore giallo), da \u20ac 20,00 a \u20ac 15,00 (settore rosso), da \u20ac 15,00 a \u20ac 10,00 (settore blu).<\/p>\n<p>Gli abbonati alla Stagione lirica e di balletto 2014 potranno acquistare, per le recite fuori abbonamento di Turandot, biglietti serali ad una tariffa agevolata a loro dedicata che prevede la riduzione del 50% sul prezzo intero.<\/p>\n<p>La Biglietteria \u00e8 aperta dal luned\u00ec al sabato dalle 9 alle 13 e dalle 16 alle 20. Com<\/p>\n","protected":false},"excerpt":{"rendered":"<p>Venerd\u00ec 27 giugno alle 21 (turno A), per la Stagione lirica e di balletto 2014 del Teatro Lirico di Cagliari, va in scena il terzo&#8230;<\/p>\n","protected":false},"author":2,"featured_media":0,"comment_status":"closed","ping_status":"closed","sticky":false,"template":"","format":"standard","meta":[],"categories":[49],"tags":[],"_links":{"self":[{"href":"https:\/\/www.cronacaonline.it\/index.php\/wp-json\/wp\/v2\/posts\/111242"}],"collection":[{"href":"https:\/\/www.cronacaonline.it\/index.php\/wp-json\/wp\/v2\/posts"}],"about":[{"href":"https:\/\/www.cronacaonline.it\/index.php\/wp-json\/wp\/v2\/types\/post"}],"author":[{"embeddable":true,"href":"https:\/\/www.cronacaonline.it\/index.php\/wp-json\/wp\/v2\/users\/2"}],"replies":[{"embeddable":true,"href":"https:\/\/www.cronacaonline.it\/index.php\/wp-json\/wp\/v2\/comments?post=111242"}],"version-history":[{"count":0,"href":"https:\/\/www.cronacaonline.it\/index.php\/wp-json\/wp\/v2\/posts\/111242\/revisions"}],"wp:attachment":[{"href":"https:\/\/www.cronacaonline.it\/index.php\/wp-json\/wp\/v2\/media?parent=111242"}],"wp:term":[{"taxonomy":"category","embeddable":true,"href":"https:\/\/www.cronacaonline.it\/index.php\/wp-json\/wp\/v2\/categories?post=111242"},{"taxonomy":"post_tag","embeddable":true,"href":"https:\/\/www.cronacaonline.it\/index.php\/wp-json\/wp\/v2\/tags?post=111242"}],"curies":[{"name":"wp","href":"https:\/\/api.w.org\/{rel}","templated":true}]}}