{"id":111236,"date":"2014-06-16T17:20:48","date_gmt":"2014-06-16T16:20:48","guid":{"rendered":"http:\/\/www.cronacaonline.it\/public\/content\/index.php\/16\/06\/2014\/arrestato-dai-carabinieri-di-iglesias-per-violenza-privata-resistenza-e-minaccia-a-pubblico-ufficiale"},"modified":"2014-06-16T17:20:48","modified_gmt":"2014-06-16T16:20:48","slug":"arrestato-dai-carabinieri-di-iglesias-per-violenza-privata-resistenza-e-minaccia-a-pubblico-ufficiale","status":"publish","type":"post","link":"https:\/\/www.cronacaonline.it\/index.php\/2014\/06\/16\/arrestato-dai-carabinieri-di-iglesias-per-violenza-privata-resistenza-e-minaccia-a-pubblico-ufficiale\/","title":{"rendered":"Arrestato dai carabinieri di Iglesias per violenza privata, resistenza e minaccia a Pubblico Ufficiale."},"content":{"rendered":"<p>La notte del 15 giugno scorso, durante la partita della Nazionale, a Iglesias, presso un esercizio pubblico, una persona in evidente stato di alterazione alcoolica ha costretto con minacce una dipendente a somministrargli ulteriori bevande alcooliche, dopo ha aggredito un altro cliente e successivamente, ha ingiuriato e spintonato i Carabinieri della compagnia di Iglesias intervenuti sul posto.<\/p>\n<p>L\u2019umo \u00e8 stato quindi bloccato e dopo le formalit\u00e0 di rito in caserma \u00e8 stato trattenuto in attesa di comparire oggi davanti al giudice unico presso il Tribunale di Cagliari che lo processer\u00e0 con il rito direttissimo.<\/p>\n","protected":false},"excerpt":{"rendered":"<p>La notte del 15 giugno scorso, durante la partita della Nazionale, a Iglesias, presso un esercizio pubblico, una persona in evidente stato di alterazione alcoolica&#8230;<\/p>\n","protected":false},"author":2,"featured_media":0,"comment_status":"closed","ping_status":"closed","sticky":false,"template":"","format":"standard","meta":[],"categories":[49],"tags":[],"_links":{"self":[{"href":"https:\/\/www.cronacaonline.it\/index.php\/wp-json\/wp\/v2\/posts\/111236"}],"collection":[{"href":"https:\/\/www.cronacaonline.it\/index.php\/wp-json\/wp\/v2\/posts"}],"about":[{"href":"https:\/\/www.cronacaonline.it\/index.php\/wp-json\/wp\/v2\/types\/post"}],"author":[{"embeddable":true,"href":"https:\/\/www.cronacaonline.it\/index.php\/wp-json\/wp\/v2\/users\/2"}],"replies":[{"embeddable":true,"href":"https:\/\/www.cronacaonline.it\/index.php\/wp-json\/wp\/v2\/comments?post=111236"}],"version-history":[{"count":0,"href":"https:\/\/www.cronacaonline.it\/index.php\/wp-json\/wp\/v2\/posts\/111236\/revisions"}],"wp:attachment":[{"href":"https:\/\/www.cronacaonline.it\/index.php\/wp-json\/wp\/v2\/media?parent=111236"}],"wp:term":[{"taxonomy":"category","embeddable":true,"href":"https:\/\/www.cronacaonline.it\/index.php\/wp-json\/wp\/v2\/categories?post=111236"},{"taxonomy":"post_tag","embeddable":true,"href":"https:\/\/www.cronacaonline.it\/index.php\/wp-json\/wp\/v2\/tags?post=111236"}],"curies":[{"name":"wp","href":"https:\/\/api.w.org\/{rel}","templated":true}]}}