{"id":111223,"date":"2014-06-13T17:20:48","date_gmt":"2014-06-13T16:20:48","guid":{"rendered":"http:\/\/www.cronacaonline.it\/public\/content\/index.php\/13\/06\/2014\/provincia-di-sassari-e-tagli-a-rischio-servizi-essenziali-lappello-ai-consiglieri-regionali-del-territorio"},"modified":"2014-06-13T17:20:48","modified_gmt":"2014-06-13T16:20:48","slug":"provincia-di-sassari-e-tagli-a-rischio-servizi-essenziali-lappello-ai-consiglieri-regionali-del-territorio","status":"publish","type":"post","link":"https:\/\/www.cronacaonline.it\/index.php\/2014\/06\/13\/provincia-di-sassari-e-tagli-a-rischio-servizi-essenziali-lappello-ai-consiglieri-regionali-del-territorio\/","title":{"rendered":"Provincia di Sassari e tagli, a rischio servizi essenziali: l\u2019appello ai consiglieri regionali del territorio"},"content":{"rendered":"<p>\u00abIn settembre le scuole superiori del Nord Ovest Sardegna non riapriranno\u00bb. \u00c8 il concreto pericolo che il presidente della Provincia di Sassari, Alessandra Giudici, ha annunciato di concerto con gli assessori provinciali ai sei consiglieri regionali su sedici complessivamente eletti nel territorio che hanno risposto al suo invito e questa mattina si sono presentati nella sala Giunta del palazzo della Provincia di Sassari. Tra assenze giustificate in anticipo, come quelle di Antonello Peru, Roberto Desini, Michele Azara e Daniele Cocco, e forfait imprevisti, il messaggio in direzione di Cagliari \u00e8 partito comunque, forte e chiaro. \u00abL\u2019ennesima riduzione dei trasferimenti da parte della Regione, stabiliti dall\u2019allora giunta Cappellacci, ci impediscono di far quadrare i conti e di approvare il bilancio di previsione, a meno di tagli drastici che incideranno su servizi essenziali\u00bb, \u00e8 l\u2019allarme sollevato da Alessandra Giudici.<\/p>\n<p>All\u2019appello mancano 5milioni di euro, \u00absenza i quali sono a rischio i servizi di manutenzione ordinaria delle scuole, con tutto ci\u00f2 che ne deriva in termini di sicurezza e di igiene \u2013 aggiunge il presidente \u2013 e questo ci costringerebbe a decisioni clamorose, che comunque vorremmo evitare\u00bb.<\/p>\n<p>Altro servizio a rischio \u00e8 quello legato al trasporto e all\u2019assistenza specialistica e di base per gli studenti disabili. \u00abAnche se non \u00e8 una funzione delegata alla Provincia ma un servizio effettuato per una nostra precisa scelta politica, sempre meno supportata finanziariamente dalla Regione \u2013 \u00e8 la premessa \u2013 siamo difronte alla necessit\u00e0 di interrompere l\u2019erogazione di un servizio del genere, rinunciare al quale \u00e8 un fatto grave, che rappresenta una limitazione del diritto allo studio\u00bb, avverte Alessandra Giudici, secondo la quale \u00absignificherebbe anche una ulteriore contrazione di posti di lavoro, se pensiamo ai dipendenti delle cooperative che garantiscono questi servizi\u00bb.<\/p>\n<p>Tagliare da altre parti per finanziare questo impegno non \u00e8 possibile, \u00e8 la tipologia di spesa a imporre dove si pu\u00f2 tagliare e dove no. Insieme ai servizi forniti dalle cooperativi che supportano gli studenti disabili, sono a rischio quelli forniti dalla Multiss, la societ\u00e0 in house, che riguardano soprattutto scuole e strade. Gianfranco Ganau, Marcello Orr\u00f9 Gavino Manca, Peppino Pinna, Gaetano Ledda e Luigi Lotto hanno garantito il massimo impegno per \u00abindividuare le modalit\u00e0 pi\u00f9 opportune per recuperare i 56milioni del Fondo unico, che sono fondamentali per la vita delle Province e dei Comuni sardi\u00bb.<\/p>\n","protected":false},"excerpt":{"rendered":"<p>\u00abIn settembre le scuole superiori del Nord Ovest Sardegna non riapriranno\u00bb. \u00c8 il concreto pericolo che il presidente della Provincia di Sassari, Alessandra Giudici, ha&#8230;<\/p>\n","protected":false},"author":2,"featured_media":0,"comment_status":"closed","ping_status":"closed","sticky":false,"template":"","format":"standard","meta":[],"categories":[49],"tags":[],"_links":{"self":[{"href":"https:\/\/www.cronacaonline.it\/index.php\/wp-json\/wp\/v2\/posts\/111223"}],"collection":[{"href":"https:\/\/www.cronacaonline.it\/index.php\/wp-json\/wp\/v2\/posts"}],"about":[{"href":"https:\/\/www.cronacaonline.it\/index.php\/wp-json\/wp\/v2\/types\/post"}],"author":[{"embeddable":true,"href":"https:\/\/www.cronacaonline.it\/index.php\/wp-json\/wp\/v2\/users\/2"}],"replies":[{"embeddable":true,"href":"https:\/\/www.cronacaonline.it\/index.php\/wp-json\/wp\/v2\/comments?post=111223"}],"version-history":[{"count":0,"href":"https:\/\/www.cronacaonline.it\/index.php\/wp-json\/wp\/v2\/posts\/111223\/revisions"}],"wp:attachment":[{"href":"https:\/\/www.cronacaonline.it\/index.php\/wp-json\/wp\/v2\/media?parent=111223"}],"wp:term":[{"taxonomy":"category","embeddable":true,"href":"https:\/\/www.cronacaonline.it\/index.php\/wp-json\/wp\/v2\/categories?post=111223"},{"taxonomy":"post_tag","embeddable":true,"href":"https:\/\/www.cronacaonline.it\/index.php\/wp-json\/wp\/v2\/tags?post=111223"}],"curies":[{"name":"wp","href":"https:\/\/api.w.org\/{rel}","templated":true}]}}