{"id":111187,"date":"2014-06-24T17:20:48","date_gmt":"2014-06-24T16:20:48","guid":{"rendered":"http:\/\/www.cronacaonline.it\/public\/content\/index.php\/24\/06\/2014\/assessorato-turismo-regione-sardegna---un-bando-e-un-club-per-gli-operatori-che-puntano-sul-cicloturismo"},"modified":"2014-06-24T17:20:48","modified_gmt":"2014-06-24T16:20:48","slug":"assessorato-turismo-regione-sardegna-un-bando-e-un-club-per-gli-operatori-che-puntano-sul-cicloturismo","status":"publish","type":"post","link":"https:\/\/www.cronacaonline.it\/index.php\/2014\/06\/24\/assessorato-turismo-regione-sardegna-un-bando-e-un-club-per-gli-operatori-che-puntano-sul-cicloturismo\/","title":{"rendered":"Assessorato Turismo Regione Sardegna &#8211; Un bando e un club per gli operatori che puntano sul cicloturismo"},"content":{"rendered":"<p>Parte dal cicloturismo lo sviluppo dei 'distretti turistici della Sardegna', un sistema innovativo che mira, tramite la creazione di club di prodotti tematici (PTT), a strutturare e qualificare ulteriormente l\u2019offerta turistica isolana.<\/p>\n<p>\u00c8 stato pubblicato ieri dall\u2019assessorato del Turismo, Artigianato e Commercio l\u2019avviso pubblico destinato alla nascita e allo sviluppo del club di prodotto cicloturistico, rivolto ad aziende direttamente o indirettamente coinvolte nella filiera del segmento. \u00c8 il primo di una serie di bandi, a valere sull\u2019asse IV del PO FESR 2007\/13 (linea di attivit\u00e0 424d), \u2018per la realizzazione di club di prodotto, disciplinari di qualit\u00e0, etc.\u2019, identificati come \u2018strumenti di promozione e comunicazione coordinata del prodotto turistico isolano nei mercati nazionali e internazionali\u2019. Ne seguiranno altri per la valorizzazione di segmenti turistici individuati strategicamente come ideali a supportare il prodotto marino \u2013 balneare, e declinati sul brand unitario della \u2018qualit\u00e0 di vita in Sardegna\u2019.<\/p>\n<p>\u201cL\u2019obiettivo del bando \u2013 spiega l\u2019assessore regionale Francesco Morandi - \u00e8 sostenere il potenziamento e l\u2019aggregazione delle piccole e medie imprese, in grado di sviluppare e gestire la promo-commercializzazione unitaria, su tutto il territorio regionale, del prodotto cicloturistico, e pi\u00f9 in generale, diversificare nel tempo e sul territorio i flussi e qualificare l\u2019offerta, cio\u00e8 vendere \u2018pacchetti cicloturistici\u2019 con significativi valori aggiunti: la strutturazione omogenea dei servizi e la sostenibilit\u00e0 ambientale\u201d. Il club di prodotto \u2018Cicloturismo\u2019 strutturer\u00e0, promuover\u00e0 e commercializzer\u00e0 pacchetti turistici competitivi, coinvolgendo una rete di soggetti pubblici e privati, gestendo all\u2019unisono le attivit\u00e0 di filiera e coordinando le competenze degli associati.<\/p>\n<p>Gli operatori aderenti al club si impegnano a rispettare dei disciplinari condivisi, linee guida di carattere deontologico e professionale per garantire standard omogenei di qualit\u00e0. Le varie componenti dell\u2019offerta concorreranno alla strutturazione di pacchetti tematici con i servizi annessi: per esempio, pernottamento in strutture ricettive, colazione anche con prodotti tipici locali, spazi attrezzati per ricovero ed eventualmente riparazione delle biciclette, possibilit\u00e0 di fare acquisti in negozi convenzionati, trasporto turisti, bici e attrezzature, organizzazione di attivit\u00e0 di accompagnamento e intrattenimento culturali, sportive ed enogastronomiche; segnaletica e cartellonistica, manutenzione dei percorsi, etc.<\/p>\n<p>L\u2019ammontare delle risorse destinate al bando \u00e8 pari a 750 mila euro. Le agevolazioni saranno assegnate in regime \u2018de minimis\u2019 nei limiti del 65% dei costi ammissibili: le aggregazioni di piccole e medie aziende potranno beneficiare di un contributo fino a un massimale, per ogni PTT, di 500 mila euro; le singole imprese promotrici del raggruppamento fino a un massimo di 20 mila euro. I contributi saranno attribuiti secondo due linee d\u2019azione: il sostegno alla creazione e sviluppo di raggruppamenti di imprese in forma di club di prodotto e quello al potenziamento e allo sviluppo di micro, piccole e medie imprese ricettive e di servizi aderenti ai club di prodotto.<\/p>\n<p>Il prodotto tematico consiste in un\u2019offerta sistemica di attrattori turistico - ambientali e culturali, di servizi legati ad attivit\u00e0 di carattere infrastrutturale (pernottamento) e concettuale (collegamenti tra destinazioni e attrazioni), caratterizzati da un forte legame tematico comune. Per lo sviluppo di ogni prodotto si incentiva la nascita di aggregazioni di imprese turistiche e altri operatori interessati alla filiera del prodotto, secondo i canoni del club di prodotto, ossia un\u2019organizzazione di una pluralit\u00e0 di operatori che si associano per sviluppare un prodotto tematico, razionalizzando e innovando i processi produttivi e puntando a una sinergia di risorse e competenze. Com<\/p>\n","protected":false},"excerpt":{"rendered":"<p>Parte dal cicloturismo lo sviluppo dei &#8216;distretti turistici della Sardegna&#8217;, un sistema innovativo che mira, tramite la creazione di club di prodotti tematici (PTT), a&#8230;<\/p>\n","protected":false},"author":2,"featured_media":0,"comment_status":"closed","ping_status":"closed","sticky":false,"template":"","format":"standard","meta":[],"categories":[49],"tags":[],"_links":{"self":[{"href":"https:\/\/www.cronacaonline.it\/index.php\/wp-json\/wp\/v2\/posts\/111187"}],"collection":[{"href":"https:\/\/www.cronacaonline.it\/index.php\/wp-json\/wp\/v2\/posts"}],"about":[{"href":"https:\/\/www.cronacaonline.it\/index.php\/wp-json\/wp\/v2\/types\/post"}],"author":[{"embeddable":true,"href":"https:\/\/www.cronacaonline.it\/index.php\/wp-json\/wp\/v2\/users\/2"}],"replies":[{"embeddable":true,"href":"https:\/\/www.cronacaonline.it\/index.php\/wp-json\/wp\/v2\/comments?post=111187"}],"version-history":[{"count":0,"href":"https:\/\/www.cronacaonline.it\/index.php\/wp-json\/wp\/v2\/posts\/111187\/revisions"}],"wp:attachment":[{"href":"https:\/\/www.cronacaonline.it\/index.php\/wp-json\/wp\/v2\/media?parent=111187"}],"wp:term":[{"taxonomy":"category","embeddable":true,"href":"https:\/\/www.cronacaonline.it\/index.php\/wp-json\/wp\/v2\/categories?post=111187"},{"taxonomy":"post_tag","embeddable":true,"href":"https:\/\/www.cronacaonline.it\/index.php\/wp-json\/wp\/v2\/tags?post=111187"}],"curies":[{"name":"wp","href":"https:\/\/api.w.org\/{rel}","templated":true}]}}