{"id":111182,"date":"2014-06-16T17:20:48","date_gmt":"2014-06-16T16:20:48","guid":{"rendered":"http:\/\/www.cronacaonline.it\/public\/content\/index.php\/16\/06\/2014\/assessorato-sanita-regione-sardegna-peste-suina-in-arrivo-nuove-norme-e-nuova-organizzazione"},"modified":"2014-06-16T17:20:48","modified_gmt":"2014-06-16T16:20:48","slug":"assessorato-sanita-regione-sardegna-peste-suina-in-arrivo-nuove-norme-e-nuova-organizzazione","status":"publish","type":"post","link":"https:\/\/www.cronacaonline.it\/index.php\/2014\/06\/16\/assessorato-sanita-regione-sardegna-peste-suina-in-arrivo-nuove-norme-e-nuova-organizzazione\/","title":{"rendered":"Assessorato Sanit\u00e0 Regione Sardegna: peste suina, in arrivo nuove norme e nuova organizzazione"},"content":{"rendered":"<p>Quando si \u00e8 insediato il nuovo assessore della Sanit\u00e0 Luigi Arru ha trovato rispetto alla lotta alla peste suina una situazione caratterizzata da forti criticit\u00e0, sia dal punto di vista normativo che da quello organizzativo, come conferma la lettera inviata dal ministero della Salute alla Commissione europea nel novembre del 2013.<\/p>\n<p>Il primo atto \u00e8 stato la predisposizione del piano contro la peste suina 2015-2017, condiviso con il ministero della Salute. Il piano \u00e8 ora all\u2019attenzione della Commissione europea.<\/p>\n<p>In questi giorni gli uffici dell\u2019assessorato, insieme all\u2019assessore, stanno definendo gli ultimi dettagli del progetto di lotta e di contrasto alla peste suina, sia dal punto di vista normativo che da quello organizzativo. Alla definizione del progetto si \u00e8 arrivati dopo numerosi incontri con i veterinari, con gli allevatori e con le loro associazioni in tutta l\u2019isola. La proposta sar\u00e0 sul tavolo del presidente Francesco Pigliaru e all\u2019attenzione della Giunta nei prossimi giorni. Com<\/p>\n","protected":false},"excerpt":{"rendered":"<p>Quando si \u00e8 insediato il nuovo assessore della Sanit\u00e0 Luigi Arru ha trovato rispetto alla lotta alla peste suina una situazione caratterizzata da forti criticit\u00e0,&#8230;<\/p>\n","protected":false},"author":2,"featured_media":0,"comment_status":"closed","ping_status":"closed","sticky":false,"template":"","format":"standard","meta":[],"categories":[49],"tags":[],"_links":{"self":[{"href":"https:\/\/www.cronacaonline.it\/index.php\/wp-json\/wp\/v2\/posts\/111182"}],"collection":[{"href":"https:\/\/www.cronacaonline.it\/index.php\/wp-json\/wp\/v2\/posts"}],"about":[{"href":"https:\/\/www.cronacaonline.it\/index.php\/wp-json\/wp\/v2\/types\/post"}],"author":[{"embeddable":true,"href":"https:\/\/www.cronacaonline.it\/index.php\/wp-json\/wp\/v2\/users\/2"}],"replies":[{"embeddable":true,"href":"https:\/\/www.cronacaonline.it\/index.php\/wp-json\/wp\/v2\/comments?post=111182"}],"version-history":[{"count":0,"href":"https:\/\/www.cronacaonline.it\/index.php\/wp-json\/wp\/v2\/posts\/111182\/revisions"}],"wp:attachment":[{"href":"https:\/\/www.cronacaonline.it\/index.php\/wp-json\/wp\/v2\/media?parent=111182"}],"wp:term":[{"taxonomy":"category","embeddable":true,"href":"https:\/\/www.cronacaonline.it\/index.php\/wp-json\/wp\/v2\/categories?post=111182"},{"taxonomy":"post_tag","embeddable":true,"href":"https:\/\/www.cronacaonline.it\/index.php\/wp-json\/wp\/v2\/tags?post=111182"}],"curies":[{"name":"wp","href":"https:\/\/api.w.org\/{rel}","templated":true}]}}