{"id":111173,"date":"2014-06-19T17:20:48","date_gmt":"2014-06-19T16:20:48","guid":{"rendered":"http:\/\/www.cronacaonline.it\/public\/content\/index.php\/19\/06\/2014\/alluvione-in-anglona-solidarieta-alle-popolazioni-colpite"},"modified":"2014-06-19T17:20:48","modified_gmt":"2014-06-19T16:20:48","slug":"alluvione-in-anglona-solidarieta-alle-popolazioni-colpite","status":"publish","type":"post","link":"https:\/\/www.cronacaonline.it\/index.php\/2014\/06\/19\/alluvione-in-anglona-solidarieta-alle-popolazioni-colpite\/","title":{"rendered":"Alluvione in Anglona: solidariet\u00e0 alle popolazioni colpite"},"content":{"rendered":"<p>Esprime solidariet\u00e0 per le popolazioni dell'Anglona e in particolare di Sorso colpite dall'alluvione, l'assessore regionale all'ambiente Donatella Spano. \"Il sistema regionale e territoriale della protezione civile ha dimostrato rapidit\u00e0 e coordinamento, riuscendo a limitare i danni e ad evitare tragedie\" afferma l'Assessore nel giorno in cui inizia la verifica dei danni.<\/p>\n<p>\"La Regione ha reagito con tutti i mezzi disponibili, attivando immediatamente i contatti con Sindaco e Prefetto e seguendo l'evento in ogni frangente, in costante accordo con il Direttore della Protezione Civile e del Corpo Forestale. Uno speciale ringraziamento alle associazioni di volontario che si sono attivate senza risparmiarsi e con grande spirito di solidariet\u00e0.\"<\/p>\n<p>Davanti alla sempre maggior frequenza di simile eventi catastrofici nell'area mediterranea, la Regione ha assunto quale priorit\u00e0 il governo della sicurezza del territorio nell'ottica anche della prevenzione: la settimana scorsa \u00e8 infatti stata adottata la delibera (22\/33 del 13.6.2014) che fissa gli indirizzi per l'attivazione del Centro Funzionale Decentrato e del Piano Speditivo per la protezione civile.<\/p>\n<p>\"Si tratta di provvedimenti attesi da dieci anni - prosegue l'assessore Spano - assi portanti da cui dipendono l'operativit\u00e0, la tempestivit\u00e0 e l'efficienza dell'intervento della macchina regionale per la protezione territoriale nelle fasi di criticit\u00e0, che forniranno un servizio continuativo per tutti i giorni dell'anno e saranno di supporto alle decisioni delle autorit\u00e0 competenti per le allerte e per la gestione dell'emergenza.\" Com<\/p>\n","protected":false},"excerpt":{"rendered":"<p>Esprime solidariet\u00e0 per le popolazioni dell&#8217;Anglona e in particolare di Sorso colpite dall&#8217;alluvione, l&#8217;assessore regionale all&#8217;ambiente Donatella Spano. &#8220;Il sistema regionale e territoriale della protezione&#8230;<\/p>\n","protected":false},"author":2,"featured_media":0,"comment_status":"closed","ping_status":"closed","sticky":false,"template":"","format":"standard","meta":[],"categories":[49],"tags":[],"_links":{"self":[{"href":"https:\/\/www.cronacaonline.it\/index.php\/wp-json\/wp\/v2\/posts\/111173"}],"collection":[{"href":"https:\/\/www.cronacaonline.it\/index.php\/wp-json\/wp\/v2\/posts"}],"about":[{"href":"https:\/\/www.cronacaonline.it\/index.php\/wp-json\/wp\/v2\/types\/post"}],"author":[{"embeddable":true,"href":"https:\/\/www.cronacaonline.it\/index.php\/wp-json\/wp\/v2\/users\/2"}],"replies":[{"embeddable":true,"href":"https:\/\/www.cronacaonline.it\/index.php\/wp-json\/wp\/v2\/comments?post=111173"}],"version-history":[{"count":0,"href":"https:\/\/www.cronacaonline.it\/index.php\/wp-json\/wp\/v2\/posts\/111173\/revisions"}],"wp:attachment":[{"href":"https:\/\/www.cronacaonline.it\/index.php\/wp-json\/wp\/v2\/media?parent=111173"}],"wp:term":[{"taxonomy":"category","embeddable":true,"href":"https:\/\/www.cronacaonline.it\/index.php\/wp-json\/wp\/v2\/categories?post=111173"},{"taxonomy":"post_tag","embeddable":true,"href":"https:\/\/www.cronacaonline.it\/index.php\/wp-json\/wp\/v2\/tags?post=111173"}],"curies":[{"name":"wp","href":"https:\/\/api.w.org\/{rel}","templated":true}]}}