{"id":111165,"date":"2014-06-24T17:20:48","date_gmt":"2014-06-24T16:20:48","guid":{"rendered":"http:\/\/www.cronacaonline.it\/public\/content\/index.php\/24\/06\/2014\/con-meridiana-si-vola-mikonos-santorini-rodi-e-creta-da-verona-milano-e-roma-a-partire-da-95e-andata-e-ritorno"},"modified":"2014-06-24T17:20:48","modified_gmt":"2014-06-24T16:20:48","slug":"con-meridiana-si-vola-mikonos-santorini-rodi-e-creta-da-verona-milano-e-roma-a-partire-da-95e-andata-e-ritorno","status":"publish","type":"post","link":"https:\/\/www.cronacaonline.it\/index.php\/2014\/06\/24\/con-meridiana-si-vola-mikonos-santorini-rodi-e-creta-da-verona-milano-e-roma-a-partire-da-95e-andata-e-ritorno\/","title":{"rendered":"Con Meridiana si vola Mikonos, Santorini, Rodi E Creta Da Verona, Milano e Roma, a partire da 95\u20ac andata e ritorno"},"content":{"rendered":"<p>Meridiana incrementa i collegamenti con le isole greche di Mykonos, Santorini, Rodi e Creta&nbsp; a prezzi davvero convenienti su alcuni voli da Verona, Roma, Milano Malpensa. Si parte a solo 95 euro per un volo di andata e ritorno, a persona, tutto incluso.<\/p>\n<p>Si decolla da Verona per Mykonos e Santorini il Venerd\u00ec fino al 19 settembre, oppure il Marted\u00ec, dal 29 luglio al 2 settembre. Sempre dal Valerio Catullo si vola per Rodi ogni Gioved\u00ec dal 26 giugno al 4 settembre.<\/p>\n<p>Da Roma Fiumicino, fino al 13 settembre, si pu\u00f2 decollare per Mikonos il Venerd\u00ec o per Heraklion, la porta dell\u2019isola di Creta, il Sabato. <br \/>Da Milano Malpensa le grandi occasioni si fanno volando il Gioved\u00ec, dal 26 giugno al 4 settembre, per Rodi, la pi\u00f9 grande delle isole del Dodecaneso.<\/p>\n<p>Per maggiori informazioni contattare il call center della Compagnia al 89.29.28, cliccare sul sito meridiana.com, la app e il mobile, oppure rivolgersi alla propria agenzia di fiducia collegata con il sistema WTS. Com<\/p>\n","protected":false},"excerpt":{"rendered":"<p>Meridiana incrementa i collegamenti con le isole greche di Mykonos, Santorini, Rodi e Creta&nbsp; a prezzi davvero convenienti su alcuni voli da Verona, Roma, Milano&#8230;<\/p>\n","protected":false},"author":2,"featured_media":0,"comment_status":"closed","ping_status":"closed","sticky":false,"template":"","format":"standard","meta":[],"categories":[49],"tags":[],"_links":{"self":[{"href":"https:\/\/www.cronacaonline.it\/index.php\/wp-json\/wp\/v2\/posts\/111165"}],"collection":[{"href":"https:\/\/www.cronacaonline.it\/index.php\/wp-json\/wp\/v2\/posts"}],"about":[{"href":"https:\/\/www.cronacaonline.it\/index.php\/wp-json\/wp\/v2\/types\/post"}],"author":[{"embeddable":true,"href":"https:\/\/www.cronacaonline.it\/index.php\/wp-json\/wp\/v2\/users\/2"}],"replies":[{"embeddable":true,"href":"https:\/\/www.cronacaonline.it\/index.php\/wp-json\/wp\/v2\/comments?post=111165"}],"version-history":[{"count":0,"href":"https:\/\/www.cronacaonline.it\/index.php\/wp-json\/wp\/v2\/posts\/111165\/revisions"}],"wp:attachment":[{"href":"https:\/\/www.cronacaonline.it\/index.php\/wp-json\/wp\/v2\/media?parent=111165"}],"wp:term":[{"taxonomy":"category","embeddable":true,"href":"https:\/\/www.cronacaonline.it\/index.php\/wp-json\/wp\/v2\/categories?post=111165"},{"taxonomy":"post_tag","embeddable":true,"href":"https:\/\/www.cronacaonline.it\/index.php\/wp-json\/wp\/v2\/tags?post=111165"}],"curies":[{"name":"wp","href":"https:\/\/api.w.org\/{rel}","templated":true}]}}