{"id":111158,"date":"2014-06-14T17:20:48","date_gmt":"2014-06-14T16:20:48","guid":{"rendered":"http:\/\/www.cronacaonline.it\/public\/content\/index.php\/14\/06\/2014\/un-sistema-culturale-ambientale-per-valorizzare-il-territorio-appello-alla-regione-per-linserimento-di-unazione-dedicata-nella-programmazione-dei-fondi-strutturali-2014-2020"},"modified":"2014-06-14T17:20:48","modified_gmt":"2014-06-14T16:20:48","slug":"un-sistema-culturale-ambientale-per-valorizzare-il-territorio-appello-alla-regione-per-linserimento-di-unazione-dedicata-nella-programmazione-dei-fondi-strutturali-2014-2020","status":"publish","type":"post","link":"https:\/\/www.cronacaonline.it\/index.php\/2014\/06\/14\/un-sistema-culturale-ambientale-per-valorizzare-il-territorio-appello-alla-regione-per-linserimento-di-unazione-dedicata-nella-programmazione-dei-fondi-strutturali-2014-2020\/","title":{"rendered":"Un sistema culturale ambientale per valorizzare il territorio: appello alla Regione per l\u2019inserimento di un\u2019azione dedicata nella programmazione dei fondi strutturali 2014-2020."},"content":{"rendered":"<p>Parte da Stintino l\u2019appello alla Regione per il rilancio sostenibile del territorio. Un\u2019area ampia che coinvolge i territori del Nord-Ovest Sardegna, con al suo interno parchi a valenza regionale e nazionale, zone umide di interesse straordinario e sottoposte a tutela integrale, come le aree Sic, le Zps e le aree marine protette. L\u2019obiettivo \u00e8 quello di avviare un\u2019azione, che porti il nome di Sistema culturale ambientale, da inserire nella programmazione 2014-2020 dei fondi strutturali della Regione.<br \/>L\u2019azione scaturisce dall\u2019iniziativa di alcune amministrazioni che, nel 2012, hanno siglato un protocollo d\u2019intesa che vede capofila il Comune di Stintino e coinvolge, oltre al comune guidato dal sindaco Antonio Diana, anche i Comuni di Castelsardo, Porto Torres, Sorso, il Parco nazionale dell\u2019Asinara, il Parco naturale regionale di Porto Conte, l\u2019Agenzia Conservatoria delle coste, la Soprintendenza archeologica per le provincie di Sassari e Nuoro, la Soprintendenza ai beni architettonici di Sassari e l\u2019Universit\u00e0 di Sassari.<\/p>\n<p>Il sistema ambientale che si&nbsp; vuole tutelare e valorizzare \u00e8 composto da equilibri fragili, \u00e8 compromesso in alcune sue parti dagli interventi antropici difficilmente reversibili. Si tratta di un patrimonio culturale e storico unico, ricco di \u201cgiacimenti archeologici\u201d da valorizzare e inserire tra le attrattive turistiche del territorio. Tra questi, sicuramente, il sistema diffuso su tutto il territorio delle torri spagnole da recuperare e rendere fruibili attraverso la valorizzazione dei sentieri e delle aree circostanti, con impianti di illuminazione interamente autosufficienti dal punto di vista energetico.<\/p>\n<p>Ecco allora che la creazione di un sistema culturale ambientale, inteso come un insieme organizzato di risorse ambientali e culturali del territorio e della loro messa in rete e gestione, consentirebbe di raccogliere una pluralit\u00e0 di beni differenti quali aree protette, beni monumentali e archeologici di riconosciuto valore, quindi musei, biblioteche e archivi storici.<\/p>\n<p>L\u2019obiettivo che si intende promuovere, in coerenza con le forme e gli strumenti di pianificazione e programmazione territoriale della Regione, sono forme di gestione integrata dal punto di vista delle attivit\u00e0, degli attori locali e dei territori, finalizzate ad una pi\u00f9 efficace valorizzazione e una pi\u00f9 ampia fruizione di sistemi ambientali e culturali.<\/p>\n<p>Tra le ipotesi anche l\u2019estensione a tutto il territorio di uno strumento come la \u201cCarta dei valori\u201d, adottata nel 2010 dal Comune di Stintino e finalizzata alla promozione dei valori dell\u2019ospitalit\u00e0 e dell\u2019accoglienza, della qualit\u00e0 dei prodotti e dei servizi, del rispetto dell\u2019ambiente, della valorizzazione delle tradizioni, della sicurezza, dell\u2019unicit\u00e0 delle proposte, della comunit\u00e0 con la sua storia da raccontare, dell\u2019armonia e della bellezza. Inoltre, si ipotizza la realizzazione di un marchio di qualit\u00e0 del territorio volto all\u2019utilizzo dei prodotti di imprese locali in tutta la filiera turistica. In tal senso, tra le azioni vi \u00e8 la predisposizione di un progetto per l\u2019efficientamento energetico per promuovere strutture ricettive a \u201cimpatto zero\u201d, per la promozione delle produzioni locali a Km zero, che darebbe ossigeno ai settori agricoli e artigianali. Un modello alternativo alle monocolture e agli insediamenti industriali di grandi dimensioni, pienamente integrato nel territorio.<\/p>\n<p>Allo studio di fattibilit\u00e0 vi sono anche itinerari attraverso le zone interne della Nurra, il completamento della pista ciclabile che corre lungo tutta la fascia costiera del Golfo dell\u2019Asinara. A questi si aggiunge un nuovo convegno internazionale di studio sull\u2019ambiente sul trattamento e riutilizzo delle acque reflue, che lo scorso anno ha trovato casa a Stintino. E ancora la realizzazione del progetto sulla memoria storica, portato avanti dai Comuni di Stintino e Porto Torres e dal Parco dell\u2019Asinara, dal dipartimento di Scienze politiche dell\u2019Universit\u00e0 di Sassari, con la collaborazione dei Ministeri italiani e Serbi, nel quadro delle celebrazioni per il ricordo della prima guerra mondiale, con il quale un occhi di riguardo sar\u00e0 dato alla ricostruzione del trasferimento di numerosi profughi dalla Serbia, dall\u2019Austria e dall\u2019Ungheria sull\u2019isola dell\u2019Asinara. Com<\/p>\n","protected":false},"excerpt":{"rendered":"<p>Parte da Stintino l\u2019appello alla Regione per il rilancio sostenibile del territorio. Un\u2019area ampia che coinvolge i territori del Nord-Ovest Sardegna, con al suo interno&#8230;<\/p>\n","protected":false},"author":2,"featured_media":0,"comment_status":"closed","ping_status":"closed","sticky":false,"template":"","format":"standard","meta":[],"categories":[49],"tags":[],"_links":{"self":[{"href":"https:\/\/www.cronacaonline.it\/index.php\/wp-json\/wp\/v2\/posts\/111158"}],"collection":[{"href":"https:\/\/www.cronacaonline.it\/index.php\/wp-json\/wp\/v2\/posts"}],"about":[{"href":"https:\/\/www.cronacaonline.it\/index.php\/wp-json\/wp\/v2\/types\/post"}],"author":[{"embeddable":true,"href":"https:\/\/www.cronacaonline.it\/index.php\/wp-json\/wp\/v2\/users\/2"}],"replies":[{"embeddable":true,"href":"https:\/\/www.cronacaonline.it\/index.php\/wp-json\/wp\/v2\/comments?post=111158"}],"version-history":[{"count":0,"href":"https:\/\/www.cronacaonline.it\/index.php\/wp-json\/wp\/v2\/posts\/111158\/revisions"}],"wp:attachment":[{"href":"https:\/\/www.cronacaonline.it\/index.php\/wp-json\/wp\/v2\/media?parent=111158"}],"wp:term":[{"taxonomy":"category","embeddable":true,"href":"https:\/\/www.cronacaonline.it\/index.php\/wp-json\/wp\/v2\/categories?post=111158"},{"taxonomy":"post_tag","embeddable":true,"href":"https:\/\/www.cronacaonline.it\/index.php\/wp-json\/wp\/v2\/tags?post=111158"}],"curies":[{"name":"wp","href":"https:\/\/api.w.org\/{rel}","templated":true}]}}