{"id":111157,"date":"2014-06-24T17:20:48","date_gmt":"2014-06-24T16:20:48","guid":{"rendered":"http:\/\/www.cronacaonline.it\/public\/content\/index.php\/24\/06\/2014\/procedura-di-valutazione-di-impatto-ambientale-nazionale-per-il-progetto-intervento-di-indagine-geofisica-2d-nellarea-dellistanza-di-prospezione-in-mare-d1-ep-sc-proponente-schlumberger-itali"},"modified":"2014-06-24T17:20:48","modified_gmt":"2014-06-24T16:20:48","slug":"procedura-di-valutazione-di-impatto-ambientale-nazionale-per-il-progetto-intervento-di-indagine-geofisica-2d-nellarea-dellistanza-di-prospezione-in-mare-d1-ep-sc-proponente-schlumberger-italiana-spa","status":"publish","type":"post","link":"https:\/\/www.cronacaonline.it\/index.php\/2014\/06\/24\/procedura-di-valutazione-di-impatto-ambientale-nazionale-per-il-progetto-intervento-di-indagine-geofisica-2d-nellarea-dellistanza-di-prospezione-in-mare-d1-ep-sc-proponente-schlumberger-italiana-spa\/","title":{"rendered":"Procedura di Valutazione di impatto ambientale nazionale per il progetto: Intervento di indagine geofisica 2D nell&#8217;area dell&#8217;istanza di prospezione in mare &#8220;d1 E.P-.SC&#8221;. Proponente: Schlumberger Italiana SpA"},"content":{"rendered":"<p>In riferimento a quanto apparso sulle agenzie di stampa sulla denuncia del deputato Mauro Pili relativa al progetto della Societ\u00e0 Schlumberger Italiana SpA, si comunica che il procedimento, in corso di svolgimento, \u00e8 la VIA nazionale, di competenza del Ministero dell'Ambiente, nell'ambito del quale la Regione Sardegna, ai sensi dell'art. 25, comma 2 del D.Lgs 152\/2006 e ss.mm.ii., \u00e8 chiamata ad esprimere il parere di competenza, mentre chiunque abbia interesse, pu\u00f2 inviare le proprie osservazioni al Ministero dell'Ambiente entro 60 giorni dalla data di presentazione dell'istanza (7 maggio 2014).<\/p>\n<p>L'assessorato della Difesa dell'ambiente, attraverso il servizio SAVI, ha ben presenti le potenziali criticit\u00e0 connesse con la realizzazione del progetto in argomento, e in tal senso ha provveduto a pubblicare anche sul sito della Regione Sardegna la comunicazione relativa alla procedura che \u00e8 in corso di svolgimento.<\/p>\n<p>Il progetto \u00e8 attualmente allo studio dei tecnici competenti e l'Assessorato della difesa dell'ambiente, nell'espletare l'istruttoria tecnica propedeutica all'espressione del parere di competenza, si avvarr\u00e0 di tutte le capacit\u00e0 delle strutture e degli enti regionali di interesse per il progetto specifico, tenendo in debito conto quanto verr\u00e0 espresso da parte delle amministrazioni locali coinvolte e di singoli cittadini o gruppi di portatori di interesse.<\/p>\n<p>Non sussistono condizioni che possano giustificare allarmismi quali quelli espressi dal deputato Pili visto che nessuna decisione \u00e8 stata presa e la Regione non si \u00e8 ancora espressa.<\/p>\n<p>Di seguito il link al sito del Ministero dell'Ambiente da cui \u00e8 possibile avere notizie in merito alla procedura e in cui \u00e8 disponibile per il download la documentazione di progetto e lo Studio di Impatto Ambientale <a href=\"http:\/\/www.va.minambiente.it\/Ricerca\/SchedaProgetto.aspx?ID_Progetto=1411\">http:\/\/www.va.minambiente.it\/Ricerca\/SchedaProgetto.aspx?ID_Progetto=1411<\/a><\/p>\n<p>Si comunica inoltre che le osservazioni potranno pervenire anche oltre il termine dei 60 giorni, fissato il 6 luglio 2014 e che le stesse potranno essere inviate, per opportuna conoscenza, anche al Servizio SAVI che le acquisir\u00e0 comunque anche attraverso il Ministero dell'Ambiente.<\/p>\n","protected":false},"excerpt":{"rendered":"<p>In riferimento a quanto apparso sulle agenzie di stampa sulla denuncia del deputato Mauro Pili relativa al progetto della Societ\u00e0 Schlumberger Italiana SpA, si comunica&#8230;<\/p>\n","protected":false},"author":2,"featured_media":0,"comment_status":"closed","ping_status":"closed","sticky":false,"template":"","format":"standard","meta":[],"categories":[49],"tags":[],"_links":{"self":[{"href":"https:\/\/www.cronacaonline.it\/index.php\/wp-json\/wp\/v2\/posts\/111157"}],"collection":[{"href":"https:\/\/www.cronacaonline.it\/index.php\/wp-json\/wp\/v2\/posts"}],"about":[{"href":"https:\/\/www.cronacaonline.it\/index.php\/wp-json\/wp\/v2\/types\/post"}],"author":[{"embeddable":true,"href":"https:\/\/www.cronacaonline.it\/index.php\/wp-json\/wp\/v2\/users\/2"}],"replies":[{"embeddable":true,"href":"https:\/\/www.cronacaonline.it\/index.php\/wp-json\/wp\/v2\/comments?post=111157"}],"version-history":[{"count":0,"href":"https:\/\/www.cronacaonline.it\/index.php\/wp-json\/wp\/v2\/posts\/111157\/revisions"}],"wp:attachment":[{"href":"https:\/\/www.cronacaonline.it\/index.php\/wp-json\/wp\/v2\/media?parent=111157"}],"wp:term":[{"taxonomy":"category","embeddable":true,"href":"https:\/\/www.cronacaonline.it\/index.php\/wp-json\/wp\/v2\/categories?post=111157"},{"taxonomy":"post_tag","embeddable":true,"href":"https:\/\/www.cronacaonline.it\/index.php\/wp-json\/wp\/v2\/tags?post=111157"}],"curies":[{"name":"wp","href":"https:\/\/api.w.org\/{rel}","templated":true}]}}