{"id":111155,"date":"2014-06-26T17:20:48","date_gmt":"2014-06-26T16:20:48","guid":{"rendered":"http:\/\/www.cronacaonline.it\/public\/content\/index.php\/26\/06\/2014\/ambiente-tra-danno-e-ristoro-a-sassari-e-stintino-il-27-e-28-giugno-un-convegno-di-studi"},"modified":"2014-06-26T17:20:48","modified_gmt":"2014-06-26T16:20:48","slug":"ambiente-tra-danno-e-ristoro-a-sassari-e-stintino-il-27-e-28-giugno-un-convegno-di-studi","status":"publish","type":"post","link":"https:\/\/www.cronacaonline.it\/index.php\/2014\/06\/26\/ambiente-tra-danno-e-ristoro-a-sassari-e-stintino-il-27-e-28-giugno-un-convegno-di-studi\/","title":{"rendered":"Ambiente tra danno e ristoro: a Sassari e Stintino il 27 e 28 giugno un convegno di studi."},"content":{"rendered":"<p>Due giorni, tra Sassari e Stintino, dedicati alle tematiche ambientali e paesaggistiche che metteranno a confronto tra loro amministratori del territorio, giornalisti, ambientalisti, giuristi, architetti ed esperti del settore. L\u2019occasione la offrir\u00e0 il convegno di studi \u201cIl danno all'ambiente e al paesaggio e il suo ristoro\u201d, in programma domani 27 giugno dalle ore 9 alla Camera di commercio del Nord Sardegna e sabato 28 giugno, sempre dalle ore 9, nella sala consiliare del Comune di Stintino.<\/p>\n<p>L\u2019iniziativa dell\u2019incontro \u00e8 del Centro studi Alcide De Gasperi, dell\u2019Universit\u00e0 degli studi di Sassari e del Comune di Stintino che, da tempo, ha avviato una politica di valorizzazione del territorio e delle spiagge che sar\u00e0 illustrata ampiamente durante il convegno dal sindaco di Stintino Antonio Diana.<\/p>\n<p>L\u2019obiettivo degli organizzatori \u00e8 quello di contribuire a mettere in luce la complessit\u00e0 e la problematicit\u00e0 delle tematiche di tutela e di sviluppo<br \/>Sono previsti, fra gli altri, interventi del presidente della Corte dei Conti, Raffaele Squitieri, del presidente del Tar della Sardegna, Caro Lucrezio Monticelli, e di altri protagonisti dell\u2019attivit\u00e0 giudiziaria e di tutela dell\u2019ambiente e del paesaggio.<\/p>\n<p>La giornata del 27 giugno a Sassari sar\u00e0 suddivisa in due sessioni, la prima con inizio alle 9 e dal titolo \u201cdefinizione e tipologia degli attentati all'ambiente e al paesaggio\u201d, la seconda pomeridiana dedicata al \u201cdanno all'ambiente tra ripristino e sanzione\u201d.<\/p>\n<p>Sabato 28 giugno a Stintino, sempre alle ore 9, si svolger\u00e0 una tavola rotonda per la quale \u00e8 attesa la partecipazione del sottosegretario alla Cultura Francesca Barracciu. Al tavolo siederanno anche esponenti del mondo universitario, giuridico, del giornalismo, dell\u2019ambiente politico regionale (assessore all\u2019Ambiente Donatella Spano) e provinciale (assessore all\u2019Ambiente Paolo Denegri). Com<\/p>\n","protected":false},"excerpt":{"rendered":"<p>Due giorni, tra Sassari e Stintino, dedicati alle tematiche ambientali e paesaggistiche che metteranno a confronto tra loro amministratori del territorio, giornalisti, ambientalisti, giuristi, architetti&#8230;<\/p>\n","protected":false},"author":2,"featured_media":0,"comment_status":"closed","ping_status":"closed","sticky":false,"template":"","format":"standard","meta":[],"categories":[49],"tags":[],"_links":{"self":[{"href":"https:\/\/www.cronacaonline.it\/index.php\/wp-json\/wp\/v2\/posts\/111155"}],"collection":[{"href":"https:\/\/www.cronacaonline.it\/index.php\/wp-json\/wp\/v2\/posts"}],"about":[{"href":"https:\/\/www.cronacaonline.it\/index.php\/wp-json\/wp\/v2\/types\/post"}],"author":[{"embeddable":true,"href":"https:\/\/www.cronacaonline.it\/index.php\/wp-json\/wp\/v2\/users\/2"}],"replies":[{"embeddable":true,"href":"https:\/\/www.cronacaonline.it\/index.php\/wp-json\/wp\/v2\/comments?post=111155"}],"version-history":[{"count":0,"href":"https:\/\/www.cronacaonline.it\/index.php\/wp-json\/wp\/v2\/posts\/111155\/revisions"}],"wp:attachment":[{"href":"https:\/\/www.cronacaonline.it\/index.php\/wp-json\/wp\/v2\/media?parent=111155"}],"wp:term":[{"taxonomy":"category","embeddable":true,"href":"https:\/\/www.cronacaonline.it\/index.php\/wp-json\/wp\/v2\/categories?post=111155"},{"taxonomy":"post_tag","embeddable":true,"href":"https:\/\/www.cronacaonline.it\/index.php\/wp-json\/wp\/v2\/tags?post=111155"}],"curies":[{"name":"wp","href":"https:\/\/api.w.org\/{rel}","templated":true}]}}