{"id":111141,"date":"2014-06-12T17:20:48","date_gmt":"2014-06-12T16:20:48","guid":{"rendered":"http:\/\/www.cronacaonline.it\/public\/content\/index.php\/12\/06\/2014\/i-mondiali-del-brasile-fischio-dinizio-con-scioperi"},"modified":"2014-06-12T17:20:48","modified_gmt":"2014-06-12T16:20:48","slug":"i-mondiali-del-brasile-fischio-dinizio-con-scioperi","status":"publish","type":"post","link":"https:\/\/www.cronacaonline.it\/index.php\/2014\/06\/12\/i-mondiali-del-brasile-fischio-dinizio-con-scioperi\/","title":{"rendered":"I Mondiali del Brasile: fischio d&#8217;inizio con scioperi"},"content":{"rendered":"<p>Per il Mondiali del Brasile oggi \u00e8 il grande giorno. A dare il calcio d\u2019inizio sar\u00e0 un ragazzo paraplegico: per lui un team internazionale di ricercatori ha disegnato con una stampante 3D un esoscheletro controllato dalla sua mente. Una scelta simbolica, in un Paese che ai Mondiali si presenta diviso tra tifoseria e protesta. Prima che negli stadi, la giornata di oggi inizia nei luoghi dove sono previste agitazioni.<\/p>\n<p>Gli aeroporti, prima di tutto. Punto d\u2019arrivo del mondo verso il Brasile, hanno proclamato uno sciopero di 24 ore contro il mancato rinnovo del contratto nazionale. Si fermano sette scali: i tre di Rio de Janeiro e quelli di Galeao, Santos Dumont e Jacarepagu\u00e0. Per mettere un argine, le compagnie aeree hanno gi\u00e0 messo a punto una serie di piani di emergenza, per limitare i danni.<\/p>\n<p>In sette citt\u00e0 sono previsti cortei e manifestazioni. Sono i brasiliani \u2013 oltre il 60%, secondo gli ultimi sondaggi \u2013 che negli stadi pi\u00f9 che il fascino dei riflettori vedono i costi altissimi e le rate da pagare. A San Paolo, dalla fermata della metro Carrao, che porta allo stadio, partiranno due cortei. Nel primo, quello delle 11 del mattina, sono attesi i black bloc.<\/p>\n<p>Molti dei siti di agenzie governative, sponsor e organizzazioni legate al Mondiale sono stati presi di mira dagli hacker: dal sito della municipalit\u00e0 del Mato Grosso a quello dell'agenzia di intelligence Abin, per citarne due. A farlo sapere un esponente del collettivo Anonymous:&nbsp; \"Saranno prese di mira aziende e istituzioni che lavorano con il governo che nega i diritti di base del popolo per promuovere eventi sportivi privati, esclusivi e corrotti\"<\/p>\n<p>Le tropas de elite per la sicurezza Ad attenderle chi protesta \u2013 i black bloc cos\u00ec come chiunque voglia mettere a repentaglio la sicurezza \u2013 una struttura integrata tra esercito, intelligence e forze di polizia: i 180 mila uomini voluti da Dilma Roussef per mantenere l\u2019ordine, comprese le Tropas de Elite, specializzate in azioni antiterrorismo.&nbsp; Un apparato complesso e costoso, che prevede anche una no fly zone di 7 km intorno agli stadi.<\/p>\n<p>Dopo aver paralizzato la citt\u00e0 per 5 giorni, i lavoratori della metropolitana di San Paolo hanno deciso di di non riprendere lo sciopero a oltranza. I sindacati non hanno ottenuto nulla \u2013 chiedevano che venissero reintegrati 42 lavoratori licenziati \u2013 ma hanno deciso comunque di non ostacolare il match d\u2019inizio, quel Brasile-Croazia che si giocher\u00e0 alle 17 (ora locale, le 22 in Italia) allo stadio Itaquerao.&nbsp; A pesare sono state anche le minacce del governatore di centrodestra dello stato di San Paolo, Gerlado Alckmin, da cui dipendono i trasporti: accusato di avere strumentalizzato a fini politici - contro la Rousseff - le agitazioni, avrebbe minacciato altri 300 licenziamenti se lo sciopero non fosse stato cancellato.<\/p>\n<p>Il Brasile di oggi, che protesta contro i Mondiali nel giorno del calcio d\u2019inizio, non \u00e8 il Brasile che se li \u00e8 aggiudicati. Quando il governo Lula li ha portati a casa, insieme alle Olimpiadi, dovevano essere la vetrina del Paese del miracolo economico, con una crescita a doppia cifra e una capacit\u00e0 mai vista prima di attrarre investimenti stranieri. Il Brasile che quei Mondiali li gioca, invece, cresce al 4%, \u00e8 al 73esimo posto al mondo per qualit\u00e0 della vita con oltre 15% della popolazione sotto la soglia della povert\u00e0 e 11 milioni di persone che vivono nella favelas. Accanto a loro si vanno ad aggiungere i 170 mila sfrattati \u2013 secondo Amnesty International \u2013 per fare posto agli stadi e alle nuove infrastrutture.<\/p>\n<p>Ecco perch\u00e9 i 13 miliardi \u2013 18 secondo altre fonti, ma ci sono stime che superano i 30 \u2013 spesi per i Mondiali e gli stadi costruiti in gran fretta e in condizioni di sicurezza costati la vita a nove operai pesano sul Brasile. La popolarit\u00e0 di Dilma Rousseff \u00e8 crollata, si trova ad affrontare la rielezione appena al 38%. Per una pax in vista della Coppa del Mondo ha concesso 4 mila nuove case ai senzatetto, alzato la quota di posti per i neri nella Pubblica Amministrazione e concesso a 150 mila bambini di andare allo stadio gratis. <\/p>\n","protected":false},"excerpt":{"rendered":"<p>Per il Mondiali del Brasile oggi \u00e8 il grande giorno. A dare il calcio d\u2019inizio sar\u00e0 un ragazzo paraplegico: per lui un team internazionale di&#8230;<\/p>\n","protected":false},"author":2,"featured_media":0,"comment_status":"closed","ping_status":"closed","sticky":false,"template":"","format":"standard","meta":[],"categories":[49],"tags":[],"_links":{"self":[{"href":"https:\/\/www.cronacaonline.it\/index.php\/wp-json\/wp\/v2\/posts\/111141"}],"collection":[{"href":"https:\/\/www.cronacaonline.it\/index.php\/wp-json\/wp\/v2\/posts"}],"about":[{"href":"https:\/\/www.cronacaonline.it\/index.php\/wp-json\/wp\/v2\/types\/post"}],"author":[{"embeddable":true,"href":"https:\/\/www.cronacaonline.it\/index.php\/wp-json\/wp\/v2\/users\/2"}],"replies":[{"embeddable":true,"href":"https:\/\/www.cronacaonline.it\/index.php\/wp-json\/wp\/v2\/comments?post=111141"}],"version-history":[{"count":0,"href":"https:\/\/www.cronacaonline.it\/index.php\/wp-json\/wp\/v2\/posts\/111141\/revisions"}],"wp:attachment":[{"href":"https:\/\/www.cronacaonline.it\/index.php\/wp-json\/wp\/v2\/media?parent=111141"}],"wp:term":[{"taxonomy":"category","embeddable":true,"href":"https:\/\/www.cronacaonline.it\/index.php\/wp-json\/wp\/v2\/categories?post=111141"},{"taxonomy":"post_tag","embeddable":true,"href":"https:\/\/www.cronacaonline.it\/index.php\/wp-json\/wp\/v2\/tags?post=111141"}],"curies":[{"name":"wp","href":"https:\/\/api.w.org\/{rel}","templated":true}]}}