{"id":111119,"date":"2014-06-12T17:20:48","date_gmt":"2014-06-12T16:20:48","guid":{"rendered":"http:\/\/www.cronacaonline.it\/public\/content\/index.php\/12\/06\/2014\/due-giovani-agli-arresti-domiciliari-per-tentata-rapina-avevano-malmenato-un-tabaccaio-nuorese-per-farsi-consegnare-lincasso"},"modified":"2014-06-12T17:20:48","modified_gmt":"2014-06-12T16:20:48","slug":"due-giovani-agli-arresti-domiciliari-per-tentata-rapina-avevano-malmenato-un-tabaccaio-nuorese-per-farsi-consegnare-lincasso","status":"publish","type":"post","link":"https:\/\/www.cronacaonline.it\/index.php\/2014\/06\/12\/due-giovani-agli-arresti-domiciliari-per-tentata-rapina-avevano-malmenato-un-tabaccaio-nuorese-per-farsi-consegnare-lincasso\/","title":{"rendered":"Due giovani agli arresti domiciliari per tentata rapina: avevano malmenato un tabaccaio nuorese per farsi consegnare l&#8217;incasso."},"content":{"rendered":"<p>All'alba di stamattina, la gli agenti della Squadra Mobile ha eseguito due ordinanze di misura cautelare degli arresti domiciliari nei confronti di Matteo Flore, 23 anni di Oliena, disoccupato, e di Giovanni Spano, 23 anni di Oliena, disoccupato, indagati per tentata rapina aggravata e lesioni, in concorso. Per gli stessi fatti \u00e8 stato denunciato in stato di libert\u00e0 M.S., minorenne di Nuoro.<\/p>\n<p>I tre sono ritenuti responsabili della tentata rapina avvenuto a Nuoro il 4 febbraio scorso ai danni del tabaccaio Gonario Ticca.<\/p>\n<p>I giovani, con il volto travisato, avevano aspettato, verso le ore 20,10, Ticca davanti all'ingresso della sua abitazione, dopo la chiusura del proprio tabacchino e non appena era sceso dalla sua auto insieme alla figlia, i malviventi lo avevano circondato e aggredito con calci e pugni per farsi consegnare l'incasso. La reazione della vittima, della figlia e di alcuni vicini, che avevano iniziato a urlare chiamando aiuto, avevano messo in fuga i rapinatori.<\/p>\n<p>Gli stessi vicini avevano chiamato il 113 e di l\u00ec a poco erano sopraggiunte due Volanti e una pattuglia della Squadra Mobile.<\/p>\n<p>Durante le perlustrazioni delle strade circostanti, dopo circa trenta minuti, una pattuglia della Polizia aveva fermato una Fiat Punto con a bordo i tre indagati, che avevano cercato di sottrarsi al controllo in Viale Resistenza, invertendo repentinamente il senso di marcia.<\/p>\n<p>All'interno del veicolo, nei portaoggetti, i poliziotti aveva rinvenuto due passamontagna e due paia di guanti in lattice. Un altro paio di guanti era stato trovato a poca distanza dal luogo della tentata rapina.<\/p>\n<p>I tre, quella sera, erano stati portati in Questura, interrogati per diverse ore e sottoposti a rilievi fotosegnaletici; tuttavia non era stato possibile trarli in arresto per la mancanza di sufficienti elementi a loro carico.<\/p>\n<p>Nei giorni successivi, gli uomini della Sezione Reati contro il Patrimonio della Squadra Mobile, diretta da Fabrizio Mustaro e il P.M. Andrea Vacca, avevano condotto una serie di interrogatori di testimoni e delle vittime, ai quali erano seguite alcune perquisizioni domiciliari a carico dei tre sospettati e due sopralluoghi della Polizia Scientifica.<\/p>\n<p>Durante queste perquisizioni erano stati rinvenuti degli indumenti che corrispondevano esattamente a quelli utilizzati dai rapinatori.<\/p>\n<p>Sulla base degli indizi raccolti la sera del fatto e degli altri elementi di prova successivamente individuati, il G.I.P. di Nuoro Mauro Cozzella ha disposto le misure cautelari, sottolineando l'estrema gravit\u00e0 del fatto, la temerariet\u00e0 dell'azione e la tendenza al facile guadagno dimostrata dai malviventi.<\/p>\n<p>Quindi il titolare della tabaccheria aveva riportato lesioni al volto e alle gambe.<\/p>\n<p>C'\u00e8 da aggiungere, infine, che il tabaccaio, per precauzione, anche quella sera, non portava con s\u00e9 l'incasso poich\u00e9 in passato era stato gi\u00e0 vittima di rapine.<\/p>\n","protected":false},"excerpt":{"rendered":"<p>All&#8217;alba di stamattina, la gli agenti della Squadra Mobile ha eseguito due ordinanze di misura cautelare degli arresti domiciliari nei confronti di Matteo Flore, 23&#8230;<\/p>\n","protected":false},"author":2,"featured_media":0,"comment_status":"closed","ping_status":"closed","sticky":false,"template":"","format":"standard","meta":[],"categories":[49],"tags":[],"_links":{"self":[{"href":"https:\/\/www.cronacaonline.it\/index.php\/wp-json\/wp\/v2\/posts\/111119"}],"collection":[{"href":"https:\/\/www.cronacaonline.it\/index.php\/wp-json\/wp\/v2\/posts"}],"about":[{"href":"https:\/\/www.cronacaonline.it\/index.php\/wp-json\/wp\/v2\/types\/post"}],"author":[{"embeddable":true,"href":"https:\/\/www.cronacaonline.it\/index.php\/wp-json\/wp\/v2\/users\/2"}],"replies":[{"embeddable":true,"href":"https:\/\/www.cronacaonline.it\/index.php\/wp-json\/wp\/v2\/comments?post=111119"}],"version-history":[{"count":0,"href":"https:\/\/www.cronacaonline.it\/index.php\/wp-json\/wp\/v2\/posts\/111119\/revisions"}],"wp:attachment":[{"href":"https:\/\/www.cronacaonline.it\/index.php\/wp-json\/wp\/v2\/media?parent=111119"}],"wp:term":[{"taxonomy":"category","embeddable":true,"href":"https:\/\/www.cronacaonline.it\/index.php\/wp-json\/wp\/v2\/categories?post=111119"},{"taxonomy":"post_tag","embeddable":true,"href":"https:\/\/www.cronacaonline.it\/index.php\/wp-json\/wp\/v2\/tags?post=111119"}],"curies":[{"name":"wp","href":"https:\/\/api.w.org\/{rel}","templated":true}]}}