{"id":111099,"date":"2014-06-24T17:20:48","date_gmt":"2014-06-24T16:20:48","guid":{"rendered":"http:\/\/www.cronacaonline.it\/public\/content\/index.php\/24\/06\/2014\/dichiarazione-del-senatore-silvio-lai-pd-cappellacci-in-ritardo-il-tema-dellinsularita-gia-posto-dalla-giunta-pigliaru"},"modified":"2014-06-24T17:20:48","modified_gmt":"2014-06-24T16:20:48","slug":"dichiarazione-del-senatore-silvio-lai-pd-cappellacci-in-ritardo-il-tema-dellinsularita-gia-posto-dalla-giunta-pigliaru","status":"publish","type":"post","link":"https:\/\/www.cronacaonline.it\/index.php\/2014\/06\/24\/dichiarazione-del-senatore-silvio-lai-pd-cappellacci-in-ritardo-il-tema-dellinsularita-gia-posto-dalla-giunta-pigliaru\/","title":{"rendered":"Dichiarazione del Senatore Silvio Lai (PD): Cappellacci in ritardo, il tema dell\u2019insularit\u00e0 gi\u00e0 posto dalla giunta Pigliaru."},"content":{"rendered":"<p>In una nota, il Senatore Pd Silvio Lai afferma: \u201cRingraziamo del suggerimento Cappellacci, ma purtroppo per tutti noi, arriva in ritardo\u201d.<\/p>\n<p>\u201cInnanzitutto perch\u00e9 il tema dell'insularit\u00e0 \u00e8 gi\u00e0 stato posto dal presidente della Regione Pigliaru sia sul tavolo della nuova vertenza entrate che \u00e8 sulla strada della chiusura, sia perch\u00e9 il governo, non sostenuto certamente dal partito dell'ex presidente, ha preso impegni precisi perch\u00e9 il tema sia posto nella pienezza delle problematiche sul tavolo del semestre europeo. Perch\u00e9 il tema dell'insularit\u00e0 \u00e8 uno di quei temi che se viene trattato in termini localistici rischia di essere buono per il lamento continuo piuttosto che per trovare riconoscimento e soluzione. La condizione insulare condiziona certamente l'economia locale sul piano delle connessioni, non sempre negativamente, ma solo per fare un esempio \u00e8 un tema mondiale perch\u00e9 l'economia degli stati insulari \u00e8 tra quelle pi\u00f9 a rischio per i cambiamenti climatici gi\u00e0 in corso\u201d.<\/p>\n<p>\u201cQuindi stia tranquillo Cappellacci - continua la nota del Senatore Lai - i conti Pigliaru e la sua Giunta sono in grado di farli sull'insularit\u00e0 come sulle servit\u00f9 militari e sta recuperando rapidamente il tempo perduto da chi per tre quarti del suo mandato ha accettato passivamente tutto quello che il governo \u201camico\u201d del Pdl gli ha fatto ingoiare. Mai e poi mai si \u00e8 sognato di \u201curtare la sensibilit\u00e0 del Presidente del Consiglio\u201d, mai e poi mai gli interessi del suo partito son venuti prima di quelli dei sardi. Eppure oggi Cappellacci sembra un uomo e un politico diverso da quello che abbiamo conosciuto. Rivendica, o meglio, chiede ad altri di rivendicare. Propone, o meglio, copia maldestramente \u2013 conclude il Segretario Pd Silvio Lai - le proposte di un Sindaco del PD. Alza la voce, o meglio, sussurra richieste che la giunta Pigliaru ha gi\u00e0 concretamente avanzato ottenendo pure le prime risposte dal governo. Che dire, ben trovato al nuovo Cappellacci, ben svegliato, nel frattempo mentre lui si riprendeva dal letargo pre e post sconfitta elettorale c\u2019\u00e8 qualcuno che finalmente ha iniziato a governare la Sardegna. Com-b.s.<\/p>\n","protected":false},"excerpt":{"rendered":"<p>In una nota, il Senatore Pd Silvio Lai afferma: \u201cRingraziamo del suggerimento Cappellacci, ma purtroppo per tutti noi, arriva in ritardo\u201d. \u201cInnanzitutto perch\u00e9 il tema&#8230;<\/p>\n","protected":false},"author":2,"featured_media":0,"comment_status":"closed","ping_status":"closed","sticky":false,"template":"","format":"standard","meta":[],"categories":[49],"tags":[],"_links":{"self":[{"href":"https:\/\/www.cronacaonline.it\/index.php\/wp-json\/wp\/v2\/posts\/111099"}],"collection":[{"href":"https:\/\/www.cronacaonline.it\/index.php\/wp-json\/wp\/v2\/posts"}],"about":[{"href":"https:\/\/www.cronacaonline.it\/index.php\/wp-json\/wp\/v2\/types\/post"}],"author":[{"embeddable":true,"href":"https:\/\/www.cronacaonline.it\/index.php\/wp-json\/wp\/v2\/users\/2"}],"replies":[{"embeddable":true,"href":"https:\/\/www.cronacaonline.it\/index.php\/wp-json\/wp\/v2\/comments?post=111099"}],"version-history":[{"count":0,"href":"https:\/\/www.cronacaonline.it\/index.php\/wp-json\/wp\/v2\/posts\/111099\/revisions"}],"wp:attachment":[{"href":"https:\/\/www.cronacaonline.it\/index.php\/wp-json\/wp\/v2\/media?parent=111099"}],"wp:term":[{"taxonomy":"category","embeddable":true,"href":"https:\/\/www.cronacaonline.it\/index.php\/wp-json\/wp\/v2\/categories?post=111099"},{"taxonomy":"post_tag","embeddable":true,"href":"https:\/\/www.cronacaonline.it\/index.php\/wp-json\/wp\/v2\/tags?post=111099"}],"curies":[{"name":"wp","href":"https:\/\/api.w.org\/{rel}","templated":true}]}}