{"id":111070,"date":"2014-06-27T17:20:48","date_gmt":"2014-06-27T16:20:48","guid":{"rendered":"http:\/\/www.cronacaonline.it\/public\/content\/index.php\/27\/06\/2014\/vertice-ue-la-nuova-bozza-miglior-uso-della-flessibilita-incontro-positivo-tra-renzi-e-merche"},"modified":"2014-06-27T17:20:48","modified_gmt":"2014-06-27T16:20:48","slug":"vertice-ue-la-nuova-bozza-miglior-uso-della-flessibilita-incontro-positivo-tra-renzi-e-merche","status":"publish","type":"post","link":"https:\/\/www.cronacaonline.it\/index.php\/2014\/06\/27\/vertice-ue-la-nuova-bozza-miglior-uso-della-flessibilita-incontro-positivo-tra-renzi-e-merche\/","title":{"rendered":"Vertice Ue. La nuova bozza: &#8220;miglior uso della flessibilit\u00e0&#8221;; incontro &#8220;positivo&#8221; tra Renzi e Merche"},"content":{"rendered":"<p>Seconda giornata del Consiglio europeo. Sul tavolo il nodo della nomine e probabilmente il tema della flessibilit\u00e0, gi\u00e0 al centro di una discussione ieri sera tra il premier Renzi e la cancelliera Merkel. E proprio prima dell'inizio dei lavori i due leader hanno avuto un nuovo faccia a faccia, incontro che si \"\u00e8 svolto in un clima disteso e positivo\". Al centro del colloquio, a quanto si apprende, il testo del documento programmatico per la prossima Commissione e le nomine ai vertice delle istituzioni europee.<\/p>\n<p>Dopo la lunga notte di trattative \u00e8 arrivata una nuova versione dell'agenda Van Rompuy e della conclusioni del Consiglio europeo: occorre fare un \"miglior uso della flessibilit\u00e0 insita nelle regole comunitarie - si legge - per conciliare la disciplina dei conti pubblici nazionali con le esigenze della crescita e della creazione di posti di lavoro\". Flessibilit\u00e0 gi\u00e0 contenuta nelle regole esistenti del Patto di Stabilit\u00e0 e crescita che ora viene potenziata.&nbsp; Nel capitolo delle politiche sull'immigrazione \"L' Agenzia Europea Frontex, deve rafforzare la sua assistenza operativa, soprattutto per sostenere gli Stati Ue sottoposti ad una forte pressione ai confini esterni\".<\/p>\n<p>\"Abbiamo ottenuto quanto volevamo: ampi spazi di manovra sul fronte della flessibilit\u00e0 con l'impegno a tenere conto delle riforme strutturali e la possibilit\u00e0 di sviluppare strumenti finanziari per progetti di investimenti nel lungo periodo\". Commenta cos\u00ec Sandro Gozi, Sottosegretario alla Presidenza del Consiglio con deleghe alle Politiche e Affari Europei.<\/p>\n<p>Documento programmatico e nomine sul tavolo Nel secondo giorno del vertice i leader cercheranno un'intesa sulla bozza programmatica presentata dal presidente Ue Herman Van Rompuy a cui gli \"sherpa\" dei 28 Paesi dell'Ue hanno lavorato tutta la notte per \"esplicitare in modo pi\u00f9 chiaro\" una maggiore flessibilit\u00e0. C'\u00e8 poi da trovare l'accordo sulle nomine, legate, ha sottolineato il premier Matteo Renzi al \"cambio di verso\" dell'Europa, ad un documento con linee programmatiche chiare. \"C'\u00e8 un ok su Juncker - ha detto ieri il premier al termine del pre-vertice socialista - ma solo con un documento che indichi dove vuole andare l'Europa\". Chiede all'Europa di occuparsi \"di pi\u00f9 di crescita e occupazione\" spostando l'attenzione dalla burocrazia alle famiglie.<\/p>\n<p>Clima teso nel pre- vertice a Ypres. Fonti europee parlano di una discussione tra la Cancelliera Angela Merkel e il Premier Matteo Renzi. Stando a quanto si apprende, le 'frizioni' sarebbero emerse intorno alla possibilit\u00e0 di inserire o meno il cofinanziamento dei fondi Ue e il pagamento della Pubblica amministrazione nel Patto di stabilit\u00e0. L'Italia non intende chiedere di sforare i vincoli, ma chiede maggiore flessibilit\u00e0 per l'Europa. \"Cara Angela, noi rispettiamo e rispetteremo il Patto: non faremo come la Germania nel 2003\", quando Berlino chiese e ottenne uno sforamento del 3%\". Non arretra sulla sua ricetta per l'Europa, fatta di rispetto delle regole ma anche di maggiore flessibilit\u00e0 e tiene il punto che sia questa la linea guida del mandato della prossima presidenza Ue. Dopo la cena tra i 28 leader europei le acque tra il premier Renzi e la Cancelliera Merkel si sarebbero calmate e i due si sarebbero salutati con \"toni concilianti\".<\/p>\n<p>Rimane ferrea l'opposizione del premier inglese alla nomina di Juncker a capo della Commissione Ue. Ribadisce che non rappresenta il cambiamento bens\u00ec un \"errore che l'Europa sta commettendo. \"Non \u00e8 la persona giusta per guidare questa istituzione\". L'opposizione del premier Cameron potr\u00e0 essere superata solo con un voto di maggioranza. Ed intanto sembra caduta l'ipotesi di candidare al Consiglio la premier danese Helle Thorning-Schmidt, una socialdemocratica liberista gradita al premier inglese, che ha per\u00f2 fatto sapere di non essere interessato a questo genere di \"compensazioni\".<\/p>\n<p>La partita sulle nomine si complica con l'ipotesi, che circola sempre pi\u00f9 insistentemente in queste ore, di Enrico Letta per la Presidenza del Consiglio. Un nome che sarebbe appoggiato anche da Londra. La nomina dell'ex premier complicherebbe il tentativo del Presidente del Consiglio di portare a casa la poltrona del capo della diplomazia europea con Federica Mogherini. Si andrebbero infatti ad esaurire i posti riservati al Pse e all'Italia. <\/p>\n","protected":false},"excerpt":{"rendered":"<p>Seconda giornata del Consiglio europeo. Sul tavolo il nodo della nomine e probabilmente il tema della flessibilit\u00e0, gi\u00e0 al centro di una discussione ieri sera&#8230;<\/p>\n","protected":false},"author":2,"featured_media":0,"comment_status":"closed","ping_status":"closed","sticky":false,"template":"","format":"standard","meta":[],"categories":[49],"tags":[],"_links":{"self":[{"href":"https:\/\/www.cronacaonline.it\/index.php\/wp-json\/wp\/v2\/posts\/111070"}],"collection":[{"href":"https:\/\/www.cronacaonline.it\/index.php\/wp-json\/wp\/v2\/posts"}],"about":[{"href":"https:\/\/www.cronacaonline.it\/index.php\/wp-json\/wp\/v2\/types\/post"}],"author":[{"embeddable":true,"href":"https:\/\/www.cronacaonline.it\/index.php\/wp-json\/wp\/v2\/users\/2"}],"replies":[{"embeddable":true,"href":"https:\/\/www.cronacaonline.it\/index.php\/wp-json\/wp\/v2\/comments?post=111070"}],"version-history":[{"count":0,"href":"https:\/\/www.cronacaonline.it\/index.php\/wp-json\/wp\/v2\/posts\/111070\/revisions"}],"wp:attachment":[{"href":"https:\/\/www.cronacaonline.it\/index.php\/wp-json\/wp\/v2\/media?parent=111070"}],"wp:term":[{"taxonomy":"category","embeddable":true,"href":"https:\/\/www.cronacaonline.it\/index.php\/wp-json\/wp\/v2\/categories?post=111070"},{"taxonomy":"post_tag","embeddable":true,"href":"https:\/\/www.cronacaonline.it\/index.php\/wp-json\/wp\/v2\/tags?post=111070"}],"curies":[{"name":"wp","href":"https:\/\/api.w.org\/{rel}","templated":true}]}}