{"id":111053,"date":"2014-06-24T17:20:48","date_gmt":"2014-06-24T16:20:48","guid":{"rendered":"http:\/\/www.cronacaonline.it\/public\/content\/index.php\/24\/06\/2014\/ieri-sera-inaugurazione-ix-edizione-sardinia-film-festival"},"modified":"2014-06-24T17:20:48","modified_gmt":"2014-06-24T16:20:48","slug":"ieri-sera-inaugurazione-ix-edizione-sardinia-film-festival","status":"publish","type":"post","link":"https:\/\/www.cronacaonline.it\/index.php\/2014\/06\/24\/ieri-sera-inaugurazione-ix-edizione-sardinia-film-festival\/","title":{"rendered":"Ieri sera inaugurazione IX Edizione Sardinia Film Festival"},"content":{"rendered":"<p>La nona edizione del Sardinia Film Festival, premio internazionale di cortometraggi organizzato dal Cineclub Sassari Fedic, \u00e8 stata inaugurata ieri sera, luned\u00ec 23 giugno, nel cortile del Polo Didattico Il Quadrilatero, in viale Mancini a Sassari. Ad accogliere il pubblico, che come gli anni scorsi si \u00e8 presentato numeroso all\u2019appuntamento, c\u2019erano il direttore artistico del Sardinia, Carlo Dess\u00ec; il presidente Angelo Tantaro e la giovane e spigliata presentatrice Marta Pala. Anche per la nona edizione i numeri del Festival sono da capogiro: 230 cortometraggi in concorso, selezionati tra i circa 800 iscritti, 60 Paesi rappresentati, 124 prime visioni europee, 220 prime visioni italiane, 230 sarde e un\u2019alta percentuale di registi esordienti.<\/p>\n<p>Tra gli spettatori sedevano il sindaco di Sassari Nicola Sanna, il vice sindaco Gianni Carbini e l\u2019assessore alla Cultura Monica Spanedda. Nicola Sanna ha espresso il suo apprezzamento \u00abper una manifestazione come il Sardinia Film Festival che \u00e8 motivo di orgoglio per tutta la citt\u00e0 di Sassari e che, edizione dopo edizione, pur in mezzo a tante difficolt\u00e0, tiene alto il suo valore culturale\u00bb. Monica Spanedda, a una delle sue prime uscite pubbliche come neo-assessore alla Cultura, ha voluto sottolineare la \u00abcapacit\u00e0 del Festival di coinvolgere altri comuni, come Martis e Villanova Monteleone (dove ad agosto si terranno le sezioni del Sardinia Film Festiva \u201cLife after oil\u201d e il \u201cPremio per il documentario Villanova Monteleone\u201d) nella realizzazione di progetti importanti per tutto il territorio\u00bb.<\/p>\n<p>La IX edizione del Sardinia Film Festival si \u00e8 aperta con il primo degli eventi speciali di questa edizione: la proiezione in anteprima sarda del documentario 140. La strage dimenticata del fiorentino Manfredi Lucibello. Il film ricostruisce, con grande quantit\u00e0 di materiale d\u2019archivio, la tragedia del traghetto Moby Prince, scontratosi con una petroliera la notte del 10 aprile 1991, mentre entrava nel porto di Livorno di ritorno da Olbia. Nel disastro persero la vita 140 persone, tra cui 30 sardi. Il processo fu chiuso dalla magistratura di Livorno attribuendo la responsabilit\u00e0 all\u2019errore umano, ma nella vicenda rimangono molte zone d\u2019ombre e le associazioni dei familiari delle vittime chiedono da anni la riapertura del caso. Alla proiezione era presente il deputato Michele Piras (Sel), firmatario di una proposta di legge per l\u2019istituzione di una commissione parlamentare d\u2019inchiesta, che ha ricordato come \u00abquello del Moby Prince sia il pi\u00f9 grande disastro della marineria civile italiana e uno dei tanti misteri del nostro Paese. \u00c8 un dovere conservarne la memoria e fare finalmente chiarezza sulle reali cause, per rispetto non solo ai familiari delle vittime ma a tutti gli italiani\u00bb. Com<\/p>\n","protected":false},"excerpt":{"rendered":"<p>La nona edizione del Sardinia Film Festival, premio internazionale di cortometraggi organizzato dal Cineclub Sassari Fedic, \u00e8 stata inaugurata ieri sera, luned\u00ec 23 giugno, nel&#8230;<\/p>\n","protected":false},"author":2,"featured_media":0,"comment_status":"closed","ping_status":"closed","sticky":false,"template":"","format":"standard","meta":[],"categories":[49],"tags":[],"_links":{"self":[{"href":"https:\/\/www.cronacaonline.it\/index.php\/wp-json\/wp\/v2\/posts\/111053"}],"collection":[{"href":"https:\/\/www.cronacaonline.it\/index.php\/wp-json\/wp\/v2\/posts"}],"about":[{"href":"https:\/\/www.cronacaonline.it\/index.php\/wp-json\/wp\/v2\/types\/post"}],"author":[{"embeddable":true,"href":"https:\/\/www.cronacaonline.it\/index.php\/wp-json\/wp\/v2\/users\/2"}],"replies":[{"embeddable":true,"href":"https:\/\/www.cronacaonline.it\/index.php\/wp-json\/wp\/v2\/comments?post=111053"}],"version-history":[{"count":0,"href":"https:\/\/www.cronacaonline.it\/index.php\/wp-json\/wp\/v2\/posts\/111053\/revisions"}],"wp:attachment":[{"href":"https:\/\/www.cronacaonline.it\/index.php\/wp-json\/wp\/v2\/media?parent=111053"}],"wp:term":[{"taxonomy":"category","embeddable":true,"href":"https:\/\/www.cronacaonline.it\/index.php\/wp-json\/wp\/v2\/categories?post=111053"},{"taxonomy":"post_tag","embeddable":true,"href":"https:\/\/www.cronacaonline.it\/index.php\/wp-json\/wp\/v2\/tags?post=111053"}],"curies":[{"name":"wp","href":"https:\/\/api.w.org\/{rel}","templated":true}]}}