{"id":111029,"date":"2014-06-14T17:20:48","date_gmt":"2014-06-14T16:20:48","guid":{"rendered":"http:\/\/www.cronacaonline.it\/public\/content\/index.php\/14\/06\/2014\/il-consigliere-regionale-modesto-fenu-movimento-zona-franca-lancia-un-appello-alla-giunta-sardegna-non-ci-arrendiamo-un-tavolo-tecnico-per-dare-il-via-alla-rinascita-con-la-zona-franca-integr"},"modified":"2014-06-14T17:20:48","modified_gmt":"2014-06-14T16:20:48","slug":"il-consigliere-regionale-modesto-fenu-movimento-zona-franca-lancia-un-appello-alla-giunta-sardegna-non-ci-arrendiamo-un-tavolo-tecnico-per-dare-il-via-alla-rinascita-con-la-zona-franca-integrale","status":"publish","type":"post","link":"https:\/\/www.cronacaonline.it\/index.php\/2014\/06\/14\/il-consigliere-regionale-modesto-fenu-movimento-zona-franca-lancia-un-appello-alla-giunta-sardegna-non-ci-arrendiamo-un-tavolo-tecnico-per-dare-il-via-alla-rinascita-con-la-zona-franca-integrale\/","title":{"rendered":"Il consigliere regionale Modesto Fenu (Movimento Zona Franca) lancia un appello alla Giunta Sardegna: \u201cnon ci arrendiamo, un tavolo tecnico per dare il via alla rinascita con la zona franca integrale\u201d."},"content":{"rendered":"<p>Nessun passo indietro. Anzi. Il primo firmatario della mozione sulla Zona Franca, il consigliere regionale sardo, Modesto Fenu, non mostra dubbi all\u2019indomani dello stop arrivato dall\u2019aula di via Roma.<\/p>\n<p>\u201cSgombriamo il campo dagli equivoci. Non \u00e8 assolutamente vero che la battaglia sull\u2019istituzione della zona franca finisce qui. E\u2019 solo l\u2019inizio di un lungo tragitto per dare ai sardi un diritto negato, che si rischia di perdere se non ci saranno rapidi provvedimenti\u201d. La mozione presentata l\u2019altro giorno dal leader del partito \u00e8 dunque solo il prologo. \u201cUn primo risultato \u00e8 gi\u00e0 arrivato a seguito delle nostre pressioni e rivendicazioni dentro il palazzo \u2013 ha evidenziato Fenu \u2013 Abbiamo infatti portato la giunta e la maggioranza ad approvare, di fatto, la realizzazione di sei zone franche previste dal decreto legislativo 75 del 1998 e richiamati dalla legge regionale 20 del 2 agosto 2013. E\u2019 solo l\u2019incipit. Si intendeva istituire la sola zona di Cagliari. La convocazione del prefetto, che ha richiamato l\u2019esecutivo ai suoi impegni, ha prodotto un piccolo passo avanti\u201d. Non mollare. \u00c8 l\u2019imperativo del Movimento Zona Franca.<\/p>\n<p>Fenu \u00e8 determinato. \u201cLogico \u2013 ha aggiunto \u2013 La mozione sulla zona franca integrale e per una fiscalit\u00e0 di vantaggio compensativa ha certificato che il centrodestra \u00e8 pi\u00f9 che mai compatto, fermo e deciso sull\u2019attuazione di un fondamentale strumento economico e giuridico\u201d. Anche il portabandiera dell\u2019Udc accelera sull\u2019elaborazione di un istituto che potrebbe risollevare le sorti dell\u2019economia.\u201dNiente paura \u2013 ha rilevato Gianluigi Rubiu, capogruppo regionale dei centristi \u2013 Non possiamo permetterci di perdere un\u2019opportunit\u00e0 cos\u00ec importante per far uscire l\u2019Isola dal pantano della crisi. L\u2019esempio arriva dal Sulcis, con parecchie aziende che hanno gi\u00e0 beneficiato dei meccanismi positivi della fiscalit\u00e0 di vantaggio per il territorio seppur parziali e previsti dalle zone franche urbane\u201d.<\/p>\n<p>Poco importa che il documento sulla zona franca sia stato respinto con pochi voti di scarto. \u201cIn realt\u00e0 \u2013 ha osservato Fenu \u2013 la mozione \u00e8 stata rigettata senza fornire alcuna motivazione di carattere giuridico sulla non applicabilit\u00e0 integrale dell\u2019istituto sulla Sardegna. La scelta \u00e8 stata esclusivamente politica. Il centrosinistra ha rifiutato l\u2019attuazione dello strumento in linea con i programmi della campagna elettorale. Secondo la maggioranza, inoltre, verrebbero meno al bilancio della Regione alcune entrate dovute alle imprese private, con il rischio di una riduzione dei servizi e del livello di assistenza e assistenzialismo\u201d. Decisione che il centrodestra vuole ribaltare.<\/p>\n<p>\u201cPerch\u00e9 ci dispiace \u2013 conclude la nota del consigliere Fenu \u2013 che l\u2019attuale maggioranza non abbia ancora capito che dietro le imprese ed i contribuenti che versano le tasse necessarie al bilancio della Regione ci siano famiglie, persone e una grande fetta della popolazione isolana schiacciate da una pressione fiscale cos\u00ec elevata, al punto da mortificare le possibilit\u00e0 di ripresa economica\u201d.<\/p>\n<p>Fenu non transige. \u201cC\u2019\u00e8 un\u2019assoluta necessit\u00e0 di compensare il divario naturale dovuto all\u2019insularit\u00e0 ed alle condizioni di svantaggio della Sardegna rispetto al resto d\u2019Italia e d\u2019Europa. Per questo abbiamo invitato il presidente Pigliaru e l\u2019assessore Paci, in sinergia con la maggioranza, ad istituire un tavolo tecnico di confronto sulle diverse possibilit\u00e0 di attuazione della zona franca\u201d. Il Movimento \u00e8 pronto, anche con i propri esperti, a dare un supporto tecnico - giuridico per giungere al traguardo: \u201cUn richiamo che, al momento, \u00e8 stato rigettato \u2013 ha concluso Fenu - Auspichiamo che questo suggerimento possa essere accolto per dare nuove speranze per la rinascita della Sardegna\u201d. Com-red<\/p>\n","protected":false},"excerpt":{"rendered":"<p>Nessun passo indietro. Anzi. Il primo firmatario della mozione sulla Zona Franca, il consigliere regionale sardo, Modesto Fenu, non mostra dubbi all\u2019indomani dello stop arrivato&#8230;<\/p>\n","protected":false},"author":2,"featured_media":0,"comment_status":"closed","ping_status":"closed","sticky":false,"template":"","format":"standard","meta":[],"categories":[49],"tags":[],"_links":{"self":[{"href":"https:\/\/www.cronacaonline.it\/index.php\/wp-json\/wp\/v2\/posts\/111029"}],"collection":[{"href":"https:\/\/www.cronacaonline.it\/index.php\/wp-json\/wp\/v2\/posts"}],"about":[{"href":"https:\/\/www.cronacaonline.it\/index.php\/wp-json\/wp\/v2\/types\/post"}],"author":[{"embeddable":true,"href":"https:\/\/www.cronacaonline.it\/index.php\/wp-json\/wp\/v2\/users\/2"}],"replies":[{"embeddable":true,"href":"https:\/\/www.cronacaonline.it\/index.php\/wp-json\/wp\/v2\/comments?post=111029"}],"version-history":[{"count":0,"href":"https:\/\/www.cronacaonline.it\/index.php\/wp-json\/wp\/v2\/posts\/111029\/revisions"}],"wp:attachment":[{"href":"https:\/\/www.cronacaonline.it\/index.php\/wp-json\/wp\/v2\/media?parent=111029"}],"wp:term":[{"taxonomy":"category","embeddable":true,"href":"https:\/\/www.cronacaonline.it\/index.php\/wp-json\/wp\/v2\/categories?post=111029"},{"taxonomy":"post_tag","embeddable":true,"href":"https:\/\/www.cronacaonline.it\/index.php\/wp-json\/wp\/v2\/tags?post=111029"}],"curies":[{"name":"wp","href":"https:\/\/api.w.org\/{rel}","templated":true}]}}