{"id":111027,"date":"2014-06-18T17:20:48","date_gmt":"2014-06-18T16:20:48","guid":{"rendered":"http:\/\/www.cronacaonline.it\/public\/content\/index.php\/18\/06\/2014\/dichiarazione-del-presidente-francesco-pigliaru-sullalluminio-primario-a-portovesme-scetticismo-sulloperazione-klesch-ma-non-la-consideriamo-lultima-spiaggia"},"modified":"2014-06-18T17:20:48","modified_gmt":"2014-06-18T16:20:48","slug":"dichiarazione-del-presidente-francesco-pigliaru-sullalluminio-primario-a-portovesme-scetticismo-sulloperazione-klesch-ma-non-la-consideriamo-lultima-spiaggia","status":"publish","type":"post","link":"https:\/\/www.cronacaonline.it\/index.php\/2014\/06\/18\/dichiarazione-del-presidente-francesco-pigliaru-sullalluminio-primario-a-portovesme-scetticismo-sulloperazione-klesch-ma-non-la-consideriamo-lultima-spiaggia\/","title":{"rendered":"Dichiarazione del presidente Francesco Pigliaru sull\u2019alluminio primario a Portovesme. \u201cScetticismo sull&#8217;operazione Klesch, ma non la consideriamo l&#8217;ultima spiaggia\u201d."},"content":{"rendered":"<p>&nbsp;\u201cLa Regione \u00e8 fortemente impegnata per la ripresa della produzione dell'alluminio primario a Portovesme\u201d ha detto il presidente della Regione Francesco Pigliaru, a Roma per la conferenza nazionale sulle servit\u00f9 militari, riferendosi alla lunga e complessa vertenza Alcoa. \u201cCome \u00e8 noto \u2013 ha ricordato il presidente Pigliaru - nella seconda met\u00e0 dello scorso anno \u00e8 stata avviata una trattativa con la societ\u00e0 Klesch per l'acquisizione degli impianti. Nonostante le nostre riserve, a causa delle continue dilazioni e dell\u2019assenza di una svolta nella trattativa, abbiamo inizialmente confermato gli impegni assunti prima del nostro insediamento, per dovere di continuit\u00e0 amministrativa e istituzionale. Si deve per\u00f2 ora dire chiaramente, ai lavoratori anzitutto, che non \u00e8 stato ancora presentato l'atteso piano industriale e che cos\u00ec si rafforza lo scetticismo sul successo dell'operazione. Se necessario, si potr\u00e0 tuttavia attendere ancora qualche giorno per la verifica conclusiva\u201d.<\/p>\n<p>Il presidente ha sottolineato che \u201canche i recenti casi francese e tedesco di mantenimento o di recupero di impianti di alluminio primario avviati alla chiusura testimoniano la possibilit\u00e0 di produrre metallo in Europa stando profittevolmente sul mercato\u201d. \u201cLa Regione \u2013 ha proseguito Pigliaru - si \u00e8 conseguentemente impegnata a costruire le condizioni che consentano, unitamente al Governo, di offrire basi attrattive stabili (certezza sull'energia, infrastrutture, sostegno agli investimenti) a soggetti industriali affidabili e contestualmente ha avviato i contatti con primari investitori, pur con il doveroso riserbo per il rispetto dei soggetti coinvolti e per evitare di annunciare soluzioni non ancora concretizzate\u201d. Il presidente Pigliaru ha concluso con due richieste esplicite: \u201cAl Governo la Regione chiede di rafforzare le condizioni che consentano, analogamente a quanto fatto in Germania e Francia, di valorizzare la propria industria manifatturiera. All'Alcoa la Regione chiede di mantenere in efficienza gli impianti oltre il termine del 30 giugno al fine di consentirci di portare a compimento le azioni che abbiamo avviato\u201d. Com<\/p>\n","protected":false},"excerpt":{"rendered":"<p>&nbsp;\u201cLa Regione \u00e8 fortemente impegnata per la ripresa della produzione dell&#8217;alluminio primario a Portovesme\u201d ha detto il presidente della Regione Francesco Pigliaru, a Roma per&#8230;<\/p>\n","protected":false},"author":2,"featured_media":0,"comment_status":"closed","ping_status":"closed","sticky":false,"template":"","format":"standard","meta":[],"categories":[49],"tags":[],"_links":{"self":[{"href":"https:\/\/www.cronacaonline.it\/index.php\/wp-json\/wp\/v2\/posts\/111027"}],"collection":[{"href":"https:\/\/www.cronacaonline.it\/index.php\/wp-json\/wp\/v2\/posts"}],"about":[{"href":"https:\/\/www.cronacaonline.it\/index.php\/wp-json\/wp\/v2\/types\/post"}],"author":[{"embeddable":true,"href":"https:\/\/www.cronacaonline.it\/index.php\/wp-json\/wp\/v2\/users\/2"}],"replies":[{"embeddable":true,"href":"https:\/\/www.cronacaonline.it\/index.php\/wp-json\/wp\/v2\/comments?post=111027"}],"version-history":[{"count":0,"href":"https:\/\/www.cronacaonline.it\/index.php\/wp-json\/wp\/v2\/posts\/111027\/revisions"}],"wp:attachment":[{"href":"https:\/\/www.cronacaonline.it\/index.php\/wp-json\/wp\/v2\/media?parent=111027"}],"wp:term":[{"taxonomy":"category","embeddable":true,"href":"https:\/\/www.cronacaonline.it\/index.php\/wp-json\/wp\/v2\/categories?post=111027"},{"taxonomy":"post_tag","embeddable":true,"href":"https:\/\/www.cronacaonline.it\/index.php\/wp-json\/wp\/v2\/tags?post=111027"}],"curies":[{"name":"wp","href":"https:\/\/api.w.org\/{rel}","templated":true}]}}