{"id":110981,"date":"2014-06-11T17:20:48","date_gmt":"2014-06-11T16:20:48","guid":{"rendered":"http:\/\/www.cronacaonline.it\/public\/content\/index.php\/11\/06\/2014\/il-presidente-del-consiglio-regione-sardegna-ganau-e-il-presidente-della-regione-pigliaru-ricevono-la-dinamo-banco-di-sardegna"},"modified":"2014-06-11T17:20:48","modified_gmt":"2014-06-11T16:20:48","slug":"il-presidente-del-consiglio-regione-sardegna-ganau-e-il-presidente-della-regione-pigliaru-ricevono-la-dinamo-banco-di-sardegna","status":"publish","type":"post","link":"https:\/\/www.cronacaonline.it\/index.php\/2014\/06\/11\/il-presidente-del-consiglio-regione-sardegna-ganau-e-il-presidente-della-regione-pigliaru-ricevono-la-dinamo-banco-di-sardegna\/","title":{"rendered":"Il presidente del consiglio Regione Sardegna Ganau e il presidente della regione Pigliaru ricevono la Dinamo Banco di Sardegna"},"content":{"rendered":"<p>Una visita speciale oggi pomeriggio in Consiglio regionale. La squadra della Dinamo al completo \u00e8 stata ricevuta dal presidente Gianfranco Ganau, insieme al presidente della Regione, Francesco Pigliaru e all'assessore allo Sport, Claudia Firino.<\/p>\n<p>Un incontro carico di entusiasmo per celebrare gli eccezionali risultati conseguiti durante la stagione.<\/p>\n<p>Ad aprire la visita ufficiale il presidente Ganau: \"La Dinamo ha giocato una straordinaria stagione, vincendo la Coppia Italia e arrivando alle semifinali playoff. \u00c8 una societ\u00e0 ben gestita, che fa promozione della Sardegna anche fuori dall'Isola con interventi specifici in tema culturale e turistico\".<\/p>\n<p>Il presidente Ganau ha poi rinnovato l'auspicio di giocare in Eurolega \u2013 \"ci aspettiamo sempre di pi\u00f9 dal team. Nonostante sia sassarese \u2013 ha scherzato il presidente \u2013 ritengo che il progetto Dinamo Lab a Cagliari sia stata una scelta intelligente presa grazie a sinergie che fanno da volano\".<br \/>Un ultimo pensiero a Travis Diener, presente all'incontro in via Roma insieme al coach Meo Sacchetti e allo staff tecnico: \"Ci ha regalato emozioni indimenticabili -&nbsp; ha ricordato Ganau - lo ringrazio e lo saluto con grande affetto\".<\/p>\n<p>A seguire l'intervento del presidente della Regione, Francesco Pigliaru: \"Per me \u00e8 un orgoglio doppio, da Presidente e da sassarese. Come tutti i ragazzi sassaresi, giocavo nel campetto storico della Dinamo. Per un anno, poi, ho portato anche la maglia della Dinamo, anche se pallavolo. Una cosa mi colpisce in modo particolare, che con poche risorse siate riusciti a ottenere dei risultati cos\u00ec alti. Congratulazioni davvero, per la Sardegna siete uno sponsor e un incoraggiamento\".<\/p>\n<p>A chiudere il giro di interventi, Stefano Sardara, presidente della Dinamo Banco di Sardegna Sassari: \"Siamo orgogliosi e onorati di essere qui oggi. La Dinamo \u00e8 sempre pi\u00f9 un patrimonio di tutta l'Isola, come dimostra il progetto Dinamo Lab che avr\u00e0 a Cagliari la sua sede e rappresenta un ulteriore conferma del concetto. L'anno prossimo, oltre alle pentole e ai coperchi dovremo fare anche i mestoli, dato che abbiamo fatto domanda di partecipazione all'Eurolega. Siamo pronti ad una nuova sfida, pronti a farlo assieme alla nostra Isola\". Il presidente Sardara ha quindi regalato al governatore della Regione Sardegna una maglia ufficiale Eurocup con il suo nome e la rappresentazione della Sardegna stilizzata sulle spalle. <br \/>Il presidente del Consiglio Gianfranco Ganau ha invece donato alla squadra la Bandiera Sarda, con una significativa foto di gruppo a suggellare il momento. Com-red<\/p>\n","protected":false},"excerpt":{"rendered":"<p>Una visita speciale oggi pomeriggio in Consiglio regionale. La squadra della Dinamo al completo \u00e8 stata ricevuta dal presidente Gianfranco Ganau, insieme al presidente della&#8230;<\/p>\n","protected":false},"author":2,"featured_media":0,"comment_status":"closed","ping_status":"closed","sticky":false,"template":"","format":"standard","meta":[],"categories":[49],"tags":[],"_links":{"self":[{"href":"https:\/\/www.cronacaonline.it\/index.php\/wp-json\/wp\/v2\/posts\/110981"}],"collection":[{"href":"https:\/\/www.cronacaonline.it\/index.php\/wp-json\/wp\/v2\/posts"}],"about":[{"href":"https:\/\/www.cronacaonline.it\/index.php\/wp-json\/wp\/v2\/types\/post"}],"author":[{"embeddable":true,"href":"https:\/\/www.cronacaonline.it\/index.php\/wp-json\/wp\/v2\/users\/2"}],"replies":[{"embeddable":true,"href":"https:\/\/www.cronacaonline.it\/index.php\/wp-json\/wp\/v2\/comments?post=110981"}],"version-history":[{"count":0,"href":"https:\/\/www.cronacaonline.it\/index.php\/wp-json\/wp\/v2\/posts\/110981\/revisions"}],"wp:attachment":[{"href":"https:\/\/www.cronacaonline.it\/index.php\/wp-json\/wp\/v2\/media?parent=110981"}],"wp:term":[{"taxonomy":"category","embeddable":true,"href":"https:\/\/www.cronacaonline.it\/index.php\/wp-json\/wp\/v2\/categories?post=110981"},{"taxonomy":"post_tag","embeddable":true,"href":"https:\/\/www.cronacaonline.it\/index.php\/wp-json\/wp\/v2\/tags?post=110981"}],"curies":[{"name":"wp","href":"https:\/\/api.w.org\/{rel}","templated":true}]}}