{"id":110975,"date":"2014-06-26T17:20:48","date_gmt":"2014-06-26T16:20:48","guid":{"rendered":"http:\/\/www.cronacaonline.it\/public\/content\/index.php\/26\/06\/2014\/accordo-per-il-rinnovo-della-copertura-della-cassa-integrazione-e-della-mobilita-in-deroga-in-sardegna"},"modified":"2014-06-26T17:20:48","modified_gmt":"2014-06-26T16:20:48","slug":"accordo-per-il-rinnovo-della-copertura-della-cassa-integrazione-e-della-mobilita-in-deroga-in-sardegna","status":"publish","type":"post","link":"https:\/\/www.cronacaonline.it\/index.php\/2014\/06\/26\/accordo-per-il-rinnovo-della-copertura-della-cassa-integrazione-e-della-mobilita-in-deroga-in-sardegna\/","title":{"rendered":"Accordo per il rinnovo della copertura della cassa integrazione e della mobilit\u00e0 in deroga in Sardegna"},"content":{"rendered":"<p>Nella serata di ieri, mercoled\u00ec 25 giugno, \u00e8 stato sottoscritto dall\u2019Assessore regionale del Lavoro, Formazione Professionale, Cooperazione e Sicurezza sociale della Regione Sardegna, Virginia Mura e da tutte le parti sociali, l\u2019Accordo che proroga fino al 31 agosto 2014 la copertura della cassa integrazione e della mobilit\u00e0 in deroga in Sardegna.<\/p>\n<p>\u201cSi tratta di un atto indispensabile e di fondamentale importanza\u201d ha sottolineato l\u2019Assessore Mura \u201cche, pur nei limiti della sua dimensione necessariamente circoscritta, consente di rispondere in modo concreto alle esigenze drammatiche dei lavoratori e delle aziende della Sardegna in maggiore difficolt\u00e0\u201d.<\/p>\n<p>Viene cos\u00ec consentito agli Enti ed alle Associazioni che si avvalgono della collaborazione di lavoratori che fruiscono degli ammortizzatori sociali, di poter contare sul loro contributo per altri 2 mesi. Inoltre, potranno accedere ai benefici pensionistici tutti coloro che matureranno i requisiti entro il 31.08.2014.<\/p>\n<p>Per quanto concerne i pagamenti relativi alle competenze gi\u00e0 maturate, l\u2019Assessore Mura ha confermato che il percorso amministrativo verr\u00e0 completato entro il 30 giugno ma l\u2019erogazione materiale dei fondi potr\u00e0 essere effettuata dall\u2019INPS solo quando verranno accreditate le risorse da parte dello Stato.<\/p>\n<p>Rispetto ai contenuti del Decreto Interministeriale di imminente pubblicazione, l\u2019Assessore Mura ha anticipato la posizione critica della Regione Sardegna: \u201cE\u2019 inutile nascondere la nostra netta ed esplicita distanza da ci\u00f2 che il decreto pare debba contenere. Al momento, il Ministero non ha recepito le nostre indicazioni che risultano invece in piena sintonia con quelle delle altre regioni e delle competenti commissioni parlamentari\u201d.<\/p>\n<p>La condivisione del contenuto dell\u2019accordo \u00e8 stata l\u2019occasione per un confronto aperto con i responsabili dei sindacati, delle associazioni datoriali, delle associazioni di categoria e con i rappresentanti istituzionali competenti in materia.<\/p>\n<p>Sono stati esaminati tutti gli aspetti della complessa articolazione normativa, in particolare per la gestione dei prossimi mesi.<\/p>\n<p>E\u2019 stata convenuta la necessit\u00e0 di utilizzare il periodo di questa proroga per affrontare la \u201cquestione lavoro\u201d in Sardegna in modo trasversale, utilizzando tutte le opportunit\u00e0 disponibili.<\/p>\n<p>\u201cE\u2019 il momento per la Sardegna di concentrare tutti gli sforzi, facendo prevalere le ragioni del lavorare insieme verso gli obiettivi comuni, perch\u00e9 comuni sono i problemi che ci affliggono. Dobbiamo fare appello a tutte le nostre migliori energie, progettuali e operative, per riuscire insieme ad invertire la tendenza negativa che ci ha condizionato in questi ultimi anni.\u201d ha dichiarato l\u2019Assessore Mura \u201cDobbiamo avviare in fretta nuove&nbsp; politiche attive, ripartire da azioni utili ad accrescere la \u201cri-occupabilit\u00e0\u201d di chi fruisce di ammortizzatori sociali attraverso soluzioni pi\u00f9 rapide ed efficaci, aumentando le opportunit\u00e0 attraverso un approccio integrato al problema, che consideri tutte le occasioni utilizzabili\u201d. Com<\/p>\n","protected":false},"excerpt":{"rendered":"<p>Nella serata di ieri, mercoled\u00ec 25 giugno, \u00e8 stato sottoscritto dall\u2019Assessore regionale del Lavoro, Formazione Professionale, Cooperazione e Sicurezza sociale della Regione Sardegna, Virginia Mura&#8230;<\/p>\n","protected":false},"author":2,"featured_media":0,"comment_status":"closed","ping_status":"closed","sticky":false,"template":"","format":"standard","meta":[],"categories":[49],"tags":[],"_links":{"self":[{"href":"https:\/\/www.cronacaonline.it\/index.php\/wp-json\/wp\/v2\/posts\/110975"}],"collection":[{"href":"https:\/\/www.cronacaonline.it\/index.php\/wp-json\/wp\/v2\/posts"}],"about":[{"href":"https:\/\/www.cronacaonline.it\/index.php\/wp-json\/wp\/v2\/types\/post"}],"author":[{"embeddable":true,"href":"https:\/\/www.cronacaonline.it\/index.php\/wp-json\/wp\/v2\/users\/2"}],"replies":[{"embeddable":true,"href":"https:\/\/www.cronacaonline.it\/index.php\/wp-json\/wp\/v2\/comments?post=110975"}],"version-history":[{"count":0,"href":"https:\/\/www.cronacaonline.it\/index.php\/wp-json\/wp\/v2\/posts\/110975\/revisions"}],"wp:attachment":[{"href":"https:\/\/www.cronacaonline.it\/index.php\/wp-json\/wp\/v2\/media?parent=110975"}],"wp:term":[{"taxonomy":"category","embeddable":true,"href":"https:\/\/www.cronacaonline.it\/index.php\/wp-json\/wp\/v2\/categories?post=110975"},{"taxonomy":"post_tag","embeddable":true,"href":"https:\/\/www.cronacaonline.it\/index.php\/wp-json\/wp\/v2\/tags?post=110975"}],"curies":[{"name":"wp","href":"https:\/\/api.w.org\/{rel}","templated":true}]}}