{"id":110973,"date":"2014-06-17T17:20:48","date_gmt":"2014-06-17T16:20:48","guid":{"rendered":"http:\/\/www.cronacaonline.it\/public\/content\/index.php\/17\/06\/2014\/approvati-dalla-giunta-regionale-sardegna-vari-provvedimenti"},"modified":"2014-06-17T17:20:48","modified_gmt":"2014-06-17T16:20:48","slug":"approvati-dalla-giunta-regionale-sardegna-vari-provvedimenti","status":"publish","type":"post","link":"https:\/\/www.cronacaonline.it\/index.php\/2014\/06\/17\/approvati-dalla-giunta-regionale-sardegna-vari-provvedimenti\/","title":{"rendered":"Approvati dalla Giunta Regionale Sardegna vari provvedimenti."},"content":{"rendered":"<p>Presentata dal presidente Francesco Pigliaru e illustrata dall\u2019assessore Gianmario Demuro, la prima delibera approvata oggi&nbsp; dalla Giunta regionale avvia l\u2019allineamento della Regione nel suo rapporto con la Corte dei Conti. Sono state poi approvate alcune delibere che riguardano la societ\u00e0 in house SardegnaIT e la riprogrammazione di fondi destinata alla \u201csociet\u00e0 dell\u2019informazione\u201d, tutte presentate dall\u2019assessore Demuro.<\/p>\n<p>pprovata anche la delibera che introduce un atto di indirizzo per la razionalizzazione dell\u2019assetto societario di BIC Sardegna Spa, destinata a diventare una srl, che sar\u00e0 guidata da un amministratore unico interno alla struttura regionale e dovr\u00e0 trasferirsi in locali di propriet\u00e0 della Regione, con un notevole risparmio sugli affitti. I lavoratori dipendenti sono garantiti in tutto questo passaggio.<\/p>\n<p>Sciolti il consiglio provinciale di Nuoro e il consiglio comunale di Guspini. In entrambi i casi lo scioglimento \u00e8 dovuto all\u2019elezione in consiglio regionale del presidente (Nuoro) e del sindaco (Guspini). I consigli e le amministrazioni guidate dai due vice restano in carica fino alle prossime elezioni del 2015. Presentata dall\u2019assessore Cristiano Erriu anche la delibera che decide di alienare a prezzo simbolico al comune di Ussana alcuni terreni lungo il rio Flumineddu che saranno destinati a isola ecologica.<\/p>\n<p>Sei le delibere presentate dall\u2019assessore all\u2019Ambiente Donatella Spano. Devono sottoporsi a valutazione di impatto ambientale sia il progetto del Glm Ambiente di Macomer&nbsp; che l\u2019impianto eolico di Survare, comune di Bitti. Valutazione negativa sulla Via del progetto di concessione mineraria di San Vito della Baueddu srl. Positiva invece la Via per l\u2019impianto eolico di Badde Trippida, comune di Sassari.&nbsp; Approvato infine&nbsp; con alcune prescrizioni il progetto del nuovo tratto di Orientale sarda da Osini a Villaputzu.<\/p>\n<p>Approvata anche la delibera, presentata dall\u2019assessore all\u2019Agricoltura Elisabetta Falchi, che classifica terreni di uso civico nel comune di Domusnovas.<\/p>\n<p>Infine passa alla Regione, con la delibera presentata dall\u2019assessore ai Trasporti,&nbsp; il servizio di trasporto pubblico locale di Macomer.<\/p>\n","protected":false},"excerpt":{"rendered":"<p>Presentata dal presidente Francesco Pigliaru e illustrata dall\u2019assessore Gianmario Demuro, la prima delibera approvata oggi&nbsp; dalla Giunta regionale avvia l\u2019allineamento della Regione nel suo rapporto&#8230;<\/p>\n","protected":false},"author":2,"featured_media":0,"comment_status":"closed","ping_status":"closed","sticky":false,"template":"","format":"standard","meta":[],"categories":[49],"tags":[],"_links":{"self":[{"href":"https:\/\/www.cronacaonline.it\/index.php\/wp-json\/wp\/v2\/posts\/110973"}],"collection":[{"href":"https:\/\/www.cronacaonline.it\/index.php\/wp-json\/wp\/v2\/posts"}],"about":[{"href":"https:\/\/www.cronacaonline.it\/index.php\/wp-json\/wp\/v2\/types\/post"}],"author":[{"embeddable":true,"href":"https:\/\/www.cronacaonline.it\/index.php\/wp-json\/wp\/v2\/users\/2"}],"replies":[{"embeddable":true,"href":"https:\/\/www.cronacaonline.it\/index.php\/wp-json\/wp\/v2\/comments?post=110973"}],"version-history":[{"count":0,"href":"https:\/\/www.cronacaonline.it\/index.php\/wp-json\/wp\/v2\/posts\/110973\/revisions"}],"wp:attachment":[{"href":"https:\/\/www.cronacaonline.it\/index.php\/wp-json\/wp\/v2\/media?parent=110973"}],"wp:term":[{"taxonomy":"category","embeddable":true,"href":"https:\/\/www.cronacaonline.it\/index.php\/wp-json\/wp\/v2\/categories?post=110973"},{"taxonomy":"post_tag","embeddable":true,"href":"https:\/\/www.cronacaonline.it\/index.php\/wp-json\/wp\/v2\/tags?post=110973"}],"curies":[{"name":"wp","href":"https:\/\/api.w.org\/{rel}","templated":true}]}}