{"id":110952,"date":"2014-06-13T17:20:48","date_gmt":"2014-06-13T16:20:48","guid":{"rendered":"http:\/\/www.cronacaonline.it\/public\/content\/index.php\/13\/06\/2014\/rifiuti-assessore-spano-incontra-sindaci-provincia-carbonia-iglesias"},"modified":"2014-06-13T17:20:48","modified_gmt":"2014-06-13T16:20:48","slug":"rifiuti-assessore-spano-incontra-sindaci-provincia-carbonia-iglesias","status":"publish","type":"post","link":"https:\/\/www.cronacaonline.it\/index.php\/2014\/06\/13\/rifiuti-assessore-spano-incontra-sindaci-provincia-carbonia-iglesias\/","title":{"rendered":"Rifiuti: assessore Spano incontra sindaci provincia Carbonia Iglesias"},"content":{"rendered":"<p>L\u2019Assessore della Difesa dell\u2019Ambiente, Donatella Spano, ha incontrato oggi i sindaci della provincia di Carbonia-Iglesias per esaminare i problemi relativi alla gestione dei rifiuti urbani nel territorio provinciale.<br \/>I sindaci, sottolineando la difficolt\u00e0 di rispettare i vincoli di bilancio, hanno affermato la necessit\u00e0 di far fronte comune per contenere i costi di conferimento dei rifiuti, che si ripercuotono sulle tasse pagate dai cittadini, chiedendo di poter conferire tutti i rifiuti urbani indifferenziati nella discarica di is Candiazzus, a Iglesias. Hanno messo in evidenza anche le difficolt\u00e0 finanziarie nella post gestione della discarica esaurita di Carbonia.<\/p>\n<p>L\u2019Assessore ha ribadito la necessit\u00e0 di rispettare le norme comunitarie sul trattamento dei rifiuti, che considerano prioritario l\u2019utilizzo, anche in termini energetici, rispetto allo smaltimento in discarica. Spano si \u00e8 impegnata ad adottare soluzioni eque nella determinazione delle tariffe di conferimento agli impianti e a tentare di rimuovere il blocco dei pagamenti del meccanismo premialit\u00e0-penalit\u00e0 per il 2013, nonch\u00e9 per il 2014, per premiare i Comuni virtuosi. L\u2019esponente dell\u2019Esecutivo si \u00e8 anche impegnata ad agevolare l\u2019individuazione di un soggetto unico gestore degli impianti di trattamento dei rifiuti del Sulcis. Inoltre \u2013 ha assicurato - interverr\u00e0 sul CACIP per sollecitare&nbsp; la realizzazione&nbsp; di una discarica di servizio del termovalorizzatore di Macchiareddu, presso cui i Comuni del Sulcis conferiscono in parte i propri rifiuti, che consentirebbe un abbattimento delle tariffe.<\/p>\n<p>L\u2019Assessore Spano ha ribadito la massima vicinanza dell\u2019Amministrazione regionale ai sindaci e la disponibilit\u00e0 a individuare congiuntamente soluzioni comuni per contenere i tributi dei cittadini.<\/p>\n","protected":false},"excerpt":{"rendered":"<p>L\u2019Assessore della Difesa dell\u2019Ambiente, Donatella Spano, ha incontrato oggi i sindaci della provincia di Carbonia-Iglesias per esaminare i problemi relativi alla gestione dei rifiuti urbani&#8230;<\/p>\n","protected":false},"author":2,"featured_media":0,"comment_status":"closed","ping_status":"closed","sticky":false,"template":"","format":"standard","meta":[],"categories":[49],"tags":[],"_links":{"self":[{"href":"https:\/\/www.cronacaonline.it\/index.php\/wp-json\/wp\/v2\/posts\/110952"}],"collection":[{"href":"https:\/\/www.cronacaonline.it\/index.php\/wp-json\/wp\/v2\/posts"}],"about":[{"href":"https:\/\/www.cronacaonline.it\/index.php\/wp-json\/wp\/v2\/types\/post"}],"author":[{"embeddable":true,"href":"https:\/\/www.cronacaonline.it\/index.php\/wp-json\/wp\/v2\/users\/2"}],"replies":[{"embeddable":true,"href":"https:\/\/www.cronacaonline.it\/index.php\/wp-json\/wp\/v2\/comments?post=110952"}],"version-history":[{"count":0,"href":"https:\/\/www.cronacaonline.it\/index.php\/wp-json\/wp\/v2\/posts\/110952\/revisions"}],"wp:attachment":[{"href":"https:\/\/www.cronacaonline.it\/index.php\/wp-json\/wp\/v2\/media?parent=110952"}],"wp:term":[{"taxonomy":"category","embeddable":true,"href":"https:\/\/www.cronacaonline.it\/index.php\/wp-json\/wp\/v2\/categories?post=110952"},{"taxonomy":"post_tag","embeddable":true,"href":"https:\/\/www.cronacaonline.it\/index.php\/wp-json\/wp\/v2\/tags?post=110952"}],"curies":[{"name":"wp","href":"https:\/\/api.w.org\/{rel}","templated":true}]}}