{"id":110942,"date":"2014-06-23T17:20:48","date_gmt":"2014-06-23T16:20:48","guid":{"rendered":"http:\/\/www.cronacaonline.it\/public\/content\/index.php\/23\/06\/2014\/assessore-trasporti-regione-sardegna---il-trenino-verde-non-si-ferma"},"modified":"2014-06-23T17:20:48","modified_gmt":"2014-06-23T16:20:48","slug":"assessore-trasporti-regione-sardegna-il-trenino-verde-non-si-ferma","status":"publish","type":"post","link":"https:\/\/www.cronacaonline.it\/index.php\/2014\/06\/23\/assessore-trasporti-regione-sardegna-il-trenino-verde-non-si-ferma\/","title":{"rendered":"Assessore Trasporti Regione Sardegna &#8211; Il Trenino Verde non si ferma"},"content":{"rendered":"<p>Nessuno stop al Trenino Verde. Gli assessori dei Trasporti Massimo Deiana e del Bilancio Raffaele Paci rassicurano che \u00e8 stata verificata la disponibilit\u00e0 di risorse per il Trenino Verde fino al 30 settembre 2014.<\/p>\n<p>Il Trenino verde rientra infatti nelle priorit\u00e0 di questa giunta, come parte del progetto di turismo ambientale in particolare nelle zone interne dell\u2019isola. Quindi il relativo finanziamento della Regione all\u2019Arst \u00e8 stato confermato, nonostante le note difficolt\u00e0 finanziarie legate al patto di stabilit\u00e0.<\/p>\n","protected":false},"excerpt":{"rendered":"<p>Nessuno stop al Trenino Verde. Gli assessori dei Trasporti Massimo Deiana e del Bilancio Raffaele Paci rassicurano che \u00e8 stata verificata la disponibilit\u00e0 di risorse&#8230;<\/p>\n","protected":false},"author":2,"featured_media":0,"comment_status":"closed","ping_status":"closed","sticky":false,"template":"","format":"standard","meta":[],"categories":[49],"tags":[],"_links":{"self":[{"href":"https:\/\/www.cronacaonline.it\/index.php\/wp-json\/wp\/v2\/posts\/110942"}],"collection":[{"href":"https:\/\/www.cronacaonline.it\/index.php\/wp-json\/wp\/v2\/posts"}],"about":[{"href":"https:\/\/www.cronacaonline.it\/index.php\/wp-json\/wp\/v2\/types\/post"}],"author":[{"embeddable":true,"href":"https:\/\/www.cronacaonline.it\/index.php\/wp-json\/wp\/v2\/users\/2"}],"replies":[{"embeddable":true,"href":"https:\/\/www.cronacaonline.it\/index.php\/wp-json\/wp\/v2\/comments?post=110942"}],"version-history":[{"count":0,"href":"https:\/\/www.cronacaonline.it\/index.php\/wp-json\/wp\/v2\/posts\/110942\/revisions"}],"wp:attachment":[{"href":"https:\/\/www.cronacaonline.it\/index.php\/wp-json\/wp\/v2\/media?parent=110942"}],"wp:term":[{"taxonomy":"category","embeddable":true,"href":"https:\/\/www.cronacaonline.it\/index.php\/wp-json\/wp\/v2\/categories?post=110942"},{"taxonomy":"post_tag","embeddable":true,"href":"https:\/\/www.cronacaonline.it\/index.php\/wp-json\/wp\/v2\/tags?post=110942"}],"curies":[{"name":"wp","href":"https:\/\/api.w.org\/{rel}","templated":true}]}}