{"id":110940,"date":"2014-06-24T17:20:48","date_gmt":"2014-06-24T16:20:48","guid":{"rendered":"http:\/\/www.cronacaonline.it\/public\/content\/index.php\/24\/06\/2014\/comune-di-olieana---domani-inizio-dei-lavori-per-il-ponte-di-oloe"},"modified":"2014-06-24T17:20:48","modified_gmt":"2014-06-24T16:20:48","slug":"comune-di-olieana-domani-inizio-dei-lavori-per-il-ponte-di-oloe","status":"publish","type":"post","link":"https:\/\/www.cronacaonline.it\/index.php\/2014\/06\/24\/comune-di-olieana-domani-inizio-dei-lavori-per-il-ponte-di-oloe\/","title":{"rendered":"Comune di Olieana &#8211; Domani inizio dei lavori per il ponte di Olo\u00e8"},"content":{"rendered":"<p>Sono state risolte le ultime difficolt\u00e0 che impedivano l'inizio dei lavori per la ricostruzione del ponte di Olo\u00e8. Sono infatti arrivate le autorizzazioni necessarie e oggi ci sar\u00e0 l'apertura del cantiere e gi\u00e0 domani l'avvio dei lavori.<\/p>\n<p>\"Un'opera fondamentale per il territorio - ha dichiarato l'assessore all'ambiente del Comune di Oliena Valentino Carta - per la sua economia e per il suo turismo: riportare la normalit\u00e0 a come era prima del 18 novembre scorso, cio\u00e8 a prima dell'alluvione, \u00e8 l'impegno che si era preso ad inizio dell'anno quando si \u00e8 avuta la certezza, grazie al tavolo della ricostruzione istituito in provincia dal Presidente Roberto Deriu, che il Commissario Enrico Ciucci aveva risorse e mezzi adeguati. Dobbiamo ringraziare quanti, gratuitamente e con sacrificio, hanno permesso all'intera comunit\u00e0 di vincere l'isolamento e continueremo ad essere vigili perch\u00e9 i lavori siano ultimati al pi\u00f9 presto.<\/p>\n<p>Come Comune - ha concluso l'assessore Carta - abbiamo predisposto tutto per l'avvio dei lavori per la ricostruzione del ponte di Nurgheri che prenderanno avvio non appena si avranno tutte le autorizzazioni\". Com<\/p>\n","protected":false},"excerpt":{"rendered":"<p>Sono state risolte le ultime difficolt\u00e0 che impedivano l&#8217;inizio dei lavori per la ricostruzione del ponte di Olo\u00e8. Sono infatti arrivate le autorizzazioni necessarie e&#8230;<\/p>\n","protected":false},"author":2,"featured_media":0,"comment_status":"closed","ping_status":"closed","sticky":false,"template":"","format":"standard","meta":[],"categories":[49],"tags":[],"_links":{"self":[{"href":"https:\/\/www.cronacaonline.it\/index.php\/wp-json\/wp\/v2\/posts\/110940"}],"collection":[{"href":"https:\/\/www.cronacaonline.it\/index.php\/wp-json\/wp\/v2\/posts"}],"about":[{"href":"https:\/\/www.cronacaonline.it\/index.php\/wp-json\/wp\/v2\/types\/post"}],"author":[{"embeddable":true,"href":"https:\/\/www.cronacaonline.it\/index.php\/wp-json\/wp\/v2\/users\/2"}],"replies":[{"embeddable":true,"href":"https:\/\/www.cronacaonline.it\/index.php\/wp-json\/wp\/v2\/comments?post=110940"}],"version-history":[{"count":0,"href":"https:\/\/www.cronacaonline.it\/index.php\/wp-json\/wp\/v2\/posts\/110940\/revisions"}],"wp:attachment":[{"href":"https:\/\/www.cronacaonline.it\/index.php\/wp-json\/wp\/v2\/media?parent=110940"}],"wp:term":[{"taxonomy":"category","embeddable":true,"href":"https:\/\/www.cronacaonline.it\/index.php\/wp-json\/wp\/v2\/categories?post=110940"},{"taxonomy":"post_tag","embeddable":true,"href":"https:\/\/www.cronacaonline.it\/index.php\/wp-json\/wp\/v2\/tags?post=110940"}],"curies":[{"name":"wp","href":"https:\/\/api.w.org\/{rel}","templated":true}]}}