{"id":110923,"date":"2014-06-27T17:20:48","date_gmt":"2014-06-27T16:20:48","guid":{"rendered":"http:\/\/www.cronacaonline.it\/public\/content\/index.php\/27\/06\/2014\/firmato-laccordo-di-programma-per-il-campus-universitario-di-cagliari"},"modified":"2014-06-27T17:20:48","modified_gmt":"2014-06-27T16:20:48","slug":"firmato-laccordo-di-programma-per-il-campus-universitario-di-cagliari","status":"publish","type":"post","link":"https:\/\/www.cronacaonline.it\/index.php\/2014\/06\/27\/firmato-laccordo-di-programma-per-il-campus-universitario-di-cagliari\/","title":{"rendered":"Firmato l&#8217;accordo di programma per il Campus universitario di Cagliari"},"content":{"rendered":"<p>Firmato oggi, nella Sala giunta del Consiglio regionale, l\u2019accordo di programma finalizzato alla realizzazione del Campus universitario di Cagliari, nell\u2019area ex Sem di viale la Playa. Il presidente della Regione Francesco Pigliaru e il sindaco di Cagliari Massimo Zedda hanno sottoscritto il documento insieme al Direttore generale dell\u2019Universit\u00e0 di Cagliari Aldo Urru, delegato del Rettore, e il presidente dell\u2019Ersu di Cagliari Antonio Funedda. Alla firma era presente anche l\u2019assessore della Cultura e Pubblica istruzione Claudia Firino. L\u2019intervento, come spiega il testo dell\u2019accordo, \u00e8 finalizzato a potenziare e qualificare l\u2019offerta di servizi a favore degli studenti e nello stesso tempo \u201ccontribuisce ad accrescere la capacit\u00e0 attrattiva della citt\u00e0 e dell\u2019universit\u00e0\u201d.<\/p>\n<p>Il campus che conter\u00e0 un totale di 505 posti letto, si comporr\u00e0 di tre blocchi, avr\u00e0 una mensa universitaria, campi e servizi sportivi, servizi culturali e parcheggi. Il costo complessivo \u00e8 pari a poco pi\u00f9 di 100 milioni di euro, di cui 74 circa a valere sui fondi Fas (Fondo Aree Sottoutilizzate)2000-2006 APQ Istruzione e universit\u00e0 e il resto su FSC (Fondo Sviluppo Coesione) 2007-2013 APQ Conoscenza.I lavori per il primo lotto inizieranno a febbraio 2015 e la conclusione \u00e8 prevista per aprile 2017, mentre i tempi per il secondo lotto vanno da ottobre 2015 a luglio 2018.<\/p>\n<p>\u201cIl nostro impegno massimo \u00e8 sbloccare pi\u00f9 cantieri possibile, puntando soprattutto su quanto possa esserci pi\u00f9 utile per il futuro\u201d, ha spiegato il presidente della Regione Francesco Pigliaru dopo la firma dell\u2019accordo. \u201cQuesto di oggi, che riguarda l\u2019istruzione delle nuove generazioni, lo \u00e8 in modo particolare.&nbsp; Come mi trovo a dire spesso, il nostro compito \u00e8 lavorare per rendere il contesto favorevole. In questo caso significa offrire opportunit\u00e0 ai nostri cervelli, non rischiandone la fuga.\u201d<\/p>\n<p>Il sindaco di Cagliari Massimo Zedda ha illustrato l\u2019iter seguito in questi anni dal progetto, sottolineandone la complessit\u00e0. \u201cL\u2019ottima collaborazione con questa giunta regionale ha dato una significativa accelerata\u201d, ha detto Massimo Zedda. \u201cIl campus, con la sua struttura, i suoi servizi e la considerevole dotazione di parcheggi si inserisce in un discorso di riqualificazione della citt\u00e0 molto importante\u201d. Secondo il Direttore generale dell\u2019Universit\u00e0 di Cagliari Aldo Urru, la firma di oggi \u00e8 \u201cun ulteriore passo per colmare il gap che esiste rispetto ad altre realt\u00e0 universitarie. Ma \u00e8 un corpo cui dare gambe, dobbiamo continuare l\u2019impegno e proseguire rispettando i tempi che ci siamo dati\u201d.&nbsp;<\/p>\n<p>Il presidente dell\u2019Ersu Antonio Funedda ha sottolineato \u201cil cambio di passo evidente per chi conosce la situazione del diritto allo studio in Sardegna. \u00c8 il segno di un nuovo inizio \u2013 ha detto Funedda \u2013 ma abbiamo l\u2019onere che ne conseguano atti concreti\u201d. Soddisfazione \u00e8 stata espressa dall\u2019assessore Claudia Firino: \u201c\u00e8 un risultato importante, coerente con la nostra linea e il nostro impegno nell\u2019ambito dell\u2019edilizia scolastica. Sono certa che \u00e8 solo il primo dei tanti progetti che prenderanno la giusta velocit\u00e0 e la giusta direzione\u201d.<\/p>\n","protected":false},"excerpt":{"rendered":"<p>Firmato oggi, nella Sala giunta del Consiglio regionale, l\u2019accordo di programma finalizzato alla realizzazione del Campus universitario di Cagliari, nell\u2019area ex Sem di viale la&#8230;<\/p>\n","protected":false},"author":2,"featured_media":0,"comment_status":"closed","ping_status":"closed","sticky":false,"template":"","format":"standard","meta":[],"categories":[49],"tags":[],"_links":{"self":[{"href":"https:\/\/www.cronacaonline.it\/index.php\/wp-json\/wp\/v2\/posts\/110923"}],"collection":[{"href":"https:\/\/www.cronacaonline.it\/index.php\/wp-json\/wp\/v2\/posts"}],"about":[{"href":"https:\/\/www.cronacaonline.it\/index.php\/wp-json\/wp\/v2\/types\/post"}],"author":[{"embeddable":true,"href":"https:\/\/www.cronacaonline.it\/index.php\/wp-json\/wp\/v2\/users\/2"}],"replies":[{"embeddable":true,"href":"https:\/\/www.cronacaonline.it\/index.php\/wp-json\/wp\/v2\/comments?post=110923"}],"version-history":[{"count":0,"href":"https:\/\/www.cronacaonline.it\/index.php\/wp-json\/wp\/v2\/posts\/110923\/revisions"}],"wp:attachment":[{"href":"https:\/\/www.cronacaonline.it\/index.php\/wp-json\/wp\/v2\/media?parent=110923"}],"wp:term":[{"taxonomy":"category","embeddable":true,"href":"https:\/\/www.cronacaonline.it\/index.php\/wp-json\/wp\/v2\/categories?post=110923"},{"taxonomy":"post_tag","embeddable":true,"href":"https:\/\/www.cronacaonline.it\/index.php\/wp-json\/wp\/v2\/tags?post=110923"}],"curies":[{"name":"wp","href":"https:\/\/api.w.org\/{rel}","templated":true}]}}