{"id":110916,"date":"2014-06-27T17:20:48","date_gmt":"2014-06-27T16:20:48","guid":{"rendered":"http:\/\/www.cronacaonline.it\/public\/content\/index.php\/27\/06\/2014\/regione-sardegna-capitalizza-abbanoa"},"modified":"2014-06-27T17:20:48","modified_gmt":"2014-06-27T16:20:48","slug":"regione-sardegna-capitalizza-abbanoa","status":"publish","type":"post","link":"https:\/\/www.cronacaonline.it\/index.php\/2014\/06\/27\/regione-sardegna-capitalizza-abbanoa\/","title":{"rendered":"Regione Sardegna capitalizza Abbanoa"},"content":{"rendered":"<p>Ieri, la Giunta regionale ha deliberato di proseguire nel processo di capitalizzazione della societ\u00e0 Abbanoa deciso a suo tempo dal Consiglio regionale e notificato all'Unione Europea. Verranno dunque versati gli 83 milioni di euro delle tranches 2013-2014.<\/p>\n<p>La delibera \u00e8 stata accompagnata dai report sulla gestione elaborati dalla Gestione commissariale ex Ato; dai report sulla situazione finanziaria elaborati dalla Sfirs; dai pareri di legittimit\u00e0 delle direzioni generali dei Lavori Pubblici e del Distretto Idrografico; dal parere dell'Avvocato dello Stato.<\/p>\n<p>La Giunta prosegue in questo modo l'azione di impulso al risanamento e al rilancio della societ\u00e0 perseguito intensamente negli ultimi tre mesi.<br \/>Peraltro, il quadro economico di Abbanoa \u00e8 sensibilmente migliorato. Si ricorda in particolare: la chiusura in attivo del bilancio consuntivo 2013; la revisione delle tariffe; l'incremento degli incassi e delle letture nel primo semestre 2014; la compensazione debiti-crediti con oltre 100 comuni della Sardegna; l'accordo sulla rateizzazione con i debitori principali; la comunicazione delle banche della disponibilit\u00e0 allo stand still.<\/p>\n<p>\u00c8 stato nominato un nuovo Amministratore Unico da cui ci si aspetta qualit\u00e0, efficienza e capacit\u00e0 di sviluppo.<\/p>\n<p>\u00c8 in corso la realizzazione del Piano di riorganizzazione elaborato dal Advisor Deloitte con la deverticalizzazione della societ\u00e0 e la conseguente distribuzione delle deleghe e delle procure a diversi dirigenti.<\/p>\n<p>Sono risultati inimmaginabili solo qualche mese fa, che dicono che la societ\u00e0 \u00e8 viva e che pu\u00f2 essere un'occasione di crescita e di sviluppo per la Sardegna. Ci vorr\u00e0 qualche anno, ma un serio rilancio \u00e8 indispensabile, possibile e doveroso.<\/p>\n<p>Dinanzi all'imminenza della discussione dinanzi al Tribunale di Cagliari della causa per il fallimento della Societ\u00e0, voluta dalle Procure della Repubblica di Nuoro e di Cagliari, la Regione dunque conferma con atti di volere capitalizzare la societ\u00e0, di voler garantire la continuit\u00e0 del servizio, di voler realizzare le migliori condizioni affinch\u00e9 le aziende creditrici vengano pagate, di volere sviluppare una seria politica di investimenti e di manutenzioni, di voler migliorare il rapporto con i clienti.<\/p>\n<p>Con la delibera di ieri finisce l'ipocrisia di una Regione che prima ha imposto il Gestore Unico alla Sardegna, poi ha fatto finta che fosse altro da s\u00e9 e non lo ha capitalizzato come aveva promesso di fare, gli ha legato le mani imponendogli tariffe tali da generare passivit\u00e0, non ha mai erogato le quote di finanziamento adeguate alla necessit\u00e0 delle manutenzioni. Nonostante tutto questo, la societ\u00e0 \u00e8 riuscita a garantire il servizio e a ridurre l'indebitamento.<\/p>\n<p>La fuga dalle responsabilit\u00e0 \u00e8 dunque finita.<br \/>Adesso, il Tribunale di Cagliari pu\u00f2 constatare che la Regione c'\u00e8 e fa la sua parte.<\/p>\n<p>Per chiarezza e a ogni buon conto, la Giunta ritiene che il fallimento della societ\u00e0 sia infondato giuridicamente, economicamente e finanziariamente. Ritiene inoltre che sia socialmente e economicamente dannoso per la Sardegna per cui ha affidato la difesa dell'interesse pubblico, che la Regione rappresenta, all'Avvocatura dello Stato. Com<\/p>\n","protected":false},"excerpt":{"rendered":"<p>Ieri, la Giunta regionale ha deliberato di proseguire nel processo di capitalizzazione della societ\u00e0 Abbanoa deciso a suo tempo dal Consiglio regionale e notificato all&#8217;Unione&#8230;<\/p>\n","protected":false},"author":2,"featured_media":0,"comment_status":"closed","ping_status":"closed","sticky":false,"template":"","format":"standard","meta":[],"categories":[49],"tags":[],"_links":{"self":[{"href":"https:\/\/www.cronacaonline.it\/index.php\/wp-json\/wp\/v2\/posts\/110916"}],"collection":[{"href":"https:\/\/www.cronacaonline.it\/index.php\/wp-json\/wp\/v2\/posts"}],"about":[{"href":"https:\/\/www.cronacaonline.it\/index.php\/wp-json\/wp\/v2\/types\/post"}],"author":[{"embeddable":true,"href":"https:\/\/www.cronacaonline.it\/index.php\/wp-json\/wp\/v2\/users\/2"}],"replies":[{"embeddable":true,"href":"https:\/\/www.cronacaonline.it\/index.php\/wp-json\/wp\/v2\/comments?post=110916"}],"version-history":[{"count":0,"href":"https:\/\/www.cronacaonline.it\/index.php\/wp-json\/wp\/v2\/posts\/110916\/revisions"}],"wp:attachment":[{"href":"https:\/\/www.cronacaonline.it\/index.php\/wp-json\/wp\/v2\/media?parent=110916"}],"wp:term":[{"taxonomy":"category","embeddable":true,"href":"https:\/\/www.cronacaonline.it\/index.php\/wp-json\/wp\/v2\/categories?post=110916"},{"taxonomy":"post_tag","embeddable":true,"href":"https:\/\/www.cronacaonline.it\/index.php\/wp-json\/wp\/v2\/tags?post=110916"}],"curies":[{"name":"wp","href":"https:\/\/api.w.org\/{rel}","templated":true}]}}