{"id":110912,"date":"2014-06-16T17:20:48","date_gmt":"2014-06-16T16:20:48","guid":{"rendered":"http:\/\/www.cronacaonline.it\/public\/content\/index.php\/16\/06\/2014\/provincia-di-nuoro-incontro-per-esaminare-la-situazione-dei-lavoratori-in-mobilita-in-deroga-in-utilizzo-in-diversi-comuni-della-provincia-asl-e-associazioni"},"modified":"2014-06-16T17:20:48","modified_gmt":"2014-06-16T16:20:48","slug":"provincia-di-nuoro-incontro-per-esaminare-la-situazione-dei-lavoratori-in-mobilita-in-deroga-in-utilizzo-in-diversi-comuni-della-provincia-asl-e-associazioni","status":"publish","type":"post","link":"https:\/\/www.cronacaonline.it\/index.php\/2014\/06\/16\/provincia-di-nuoro-incontro-per-esaminare-la-situazione-dei-lavoratori-in-mobilita-in-deroga-in-utilizzo-in-diversi-comuni-della-provincia-asl-e-associazioni\/","title":{"rendered":"Provincia di Nuoro: incontro per esaminare la situazione dei lavoratori in mobilit\u00e0 in deroga in utilizzo in diversi Comuni della Provincia, Asl e associazioni."},"content":{"rendered":"<p>Si \u00e8 tenuta nei giorni scorsi, presso la Sala riunioni dell\u2019Assessorato del Lavoro della Provincia di Nuoro, la riunione relativa ai lavoratori in mobilit\u00e0 in deroga in utilizzo in diversi Comuni della provincia, Asl e Associazioni no profit.<\/p>\n<p>All'incontro hanno partecipato il Presidente della Provincia di Nuoro Costantino Tidu, i rappresentanti delle sigle sindacali, i Sindaci dei Comuni \u201cutilizzatori\u201d, i rappresentanti dell'Asl e delle diverse associazioni coinvolte.<\/p>\n<p>\"Da diversi anni molti lavoratori beneficiari degli ammortizzatori svolgono lavori di pubblica utilit\u00e0, la cui importanza \u00e8 facilmente comprensibile, visto che gli stessi lavoratori si occupano di diverse mansioni divenute ormai fondamentali soprattutto alla luce del blocco delle assunzioni a carico degli enti locali. - Lo ha spiegato l'Assessore al lavoro e alle Politiche Sociali della Provincia di Nuoro, Claudia Simula -&nbsp; L\u2019accordo sottoscritto in Regione all\u2019inizio dell\u2019anno prorogava l\u2019utilizzo dei lavoratori sino al 30 giugno dell\u2019anno in corso - ha sottolineato l'assessore Simula - siamo quindi al termine del periodo di proroga e non abbiamo certezze sull'ipotesi di una proroga ulteriore. Considerato che le risorse umane oggi sono pi\u00f9 che mai importanti per il funzionamento degli stessi enti ed associazioni, riteniamo fondamentale affrontare il tema con l\u2019Assessore al Lavoro della Regione, in un\u2019ottica di leale collaborazione, al fine di percorrere tutte le strade possibili e necessarie per la proroga.<\/p>\n<p>Proroga indispensabile - ribadisce l'assessore Simula - in un territorio gravato da una profonda crisi sociale dove uomini e donne attraverso il riutilizzo possono svolgere un ruolo importante nella societ\u00e0 del lavoro\". <br \/>L'Assessore Claudia Simula a tal proposito ha chiesto un incontro urgente all\u2019Assessore regionale al Lavoro, formazione professionale e cooperazione e sicurezza sociale Virginia Mura.<\/p>\n<p>\"Siamo certi - ha dichiarato Claudia Simula -&nbsp; che l\u2019assessore sapr\u00e0 cogliere la sensibilit\u00e0 dimostrata da tutti gli attori istituzionali del territorio e convocher\u00e0 quanto prima un incontro per esplorare le diverse vie atte a trovare soluzioni. Siamo inoltre convinti che il superamento della crisi economico sociale passi anche per azioni utili a rafforzare la possibilit\u00e0 che i lavoratori in utilizzo possano continuare a svolgere le mansioni di cui si sono occupati in questi anni\". Com-red<\/p>\n","protected":false},"excerpt":{"rendered":"<p>Si \u00e8 tenuta nei giorni scorsi, presso la Sala riunioni dell\u2019Assessorato del Lavoro della Provincia di Nuoro, la riunione relativa ai lavoratori in mobilit\u00e0 in&#8230;<\/p>\n","protected":false},"author":2,"featured_media":0,"comment_status":"closed","ping_status":"closed","sticky":false,"template":"","format":"standard","meta":[],"categories":[49],"tags":[],"_links":{"self":[{"href":"https:\/\/www.cronacaonline.it\/index.php\/wp-json\/wp\/v2\/posts\/110912"}],"collection":[{"href":"https:\/\/www.cronacaonline.it\/index.php\/wp-json\/wp\/v2\/posts"}],"about":[{"href":"https:\/\/www.cronacaonline.it\/index.php\/wp-json\/wp\/v2\/types\/post"}],"author":[{"embeddable":true,"href":"https:\/\/www.cronacaonline.it\/index.php\/wp-json\/wp\/v2\/users\/2"}],"replies":[{"embeddable":true,"href":"https:\/\/www.cronacaonline.it\/index.php\/wp-json\/wp\/v2\/comments?post=110912"}],"version-history":[{"count":0,"href":"https:\/\/www.cronacaonline.it\/index.php\/wp-json\/wp\/v2\/posts\/110912\/revisions"}],"wp:attachment":[{"href":"https:\/\/www.cronacaonline.it\/index.php\/wp-json\/wp\/v2\/media?parent=110912"}],"wp:term":[{"taxonomy":"category","embeddable":true,"href":"https:\/\/www.cronacaonline.it\/index.php\/wp-json\/wp\/v2\/categories?post=110912"},{"taxonomy":"post_tag","embeddable":true,"href":"https:\/\/www.cronacaonline.it\/index.php\/wp-json\/wp\/v2\/tags?post=110912"}],"curies":[{"name":"wp","href":"https:\/\/api.w.org\/{rel}","templated":true}]}}