{"id":110908,"date":"2014-06-12T17:20:48","date_gmt":"2014-06-12T16:20:48","guid":{"rendered":"http:\/\/www.cronacaonline.it\/public\/content\/index.php\/12\/06\/2014\/denunciati-quattro-giovani-romeni-per-ricettazione"},"modified":"2014-06-12T17:20:48","modified_gmt":"2014-06-12T16:20:48","slug":"denunciati-quattro-giovani-romeni-per-ricettazione","status":"publish","type":"post","link":"https:\/\/www.cronacaonline.it\/index.php\/2014\/06\/12\/denunciati-quattro-giovani-romeni-per-ricettazione\/","title":{"rendered":"Denunciati quattro giovani romeni per ricettazione"},"content":{"rendered":"<p>Ieri sera, la pattuglia della Motovedetta dei Carabinieri di La Maddalena, in servizio di vigilanza al porto, ha notato sopraggiungere un ciclomotore con a bordo tre giovani che al controllo risultavano sprovvisti dei documenti relativi al ciclomotore, nonch\u00e9 di quelli d'identit\u00e0.<\/p>\n<p>Giunti in caserma per gli accertamenti del caso, il ciclomotore, in attesa di comprendere come procedere, \u00e8 stato parcheggiato in area adibita al parcheggio dei mezzi militari, ma dopo qualche minuto i Carabinieri hanno udito da sopra il rumore di accensione del motore ed una volta affacciatisi dalla finestra hanno notato un giovane partire a bordo del ciclomotore oggetto del controllo.<\/p>\n<p>Il fuggitivo dopo breve tempo \u00e8 stato rintracciato poche centinaia di metri lontano e condotto in caserma per i provvedimenti del caso.<\/p>\n<p>Unitamente ad uno di loro, che indicava la loro comune abitazione, i militari hanno trovato, presso la loro abitazione, i documenti di tutti gli interessati. In seguito gli uomini dell\u2019Arma hanno anche accertato che la targa era stata rubata ad un maddalenino ed era associata ad un suo vecchio ciclomotore e pertanto hanno proceduto al sequestro probatorio.<\/p>\n<p>Non disponendo dei documenti relativi al mezzo e non essendo gli utilizzatori in grado di riferire circa l'effettiva propriet\u00e0 dello stesso, avendo dunque fondato motivo di ritenere che anche il mezzo possa essere provento di illecita attivit\u00e0, il ciclomotore \u00e8 stato sottoposto a sequestro preventivo.<\/p>\n<p>Oltre alle sanzioni amministrative per violazioni al Codice della Strada, dei quattro giovani romeni protagonisti della vicenda, tutti del 1993, sono stati denunciati per ricettazione e uno anche per guida del ciclomotore senza patente, uno (colui che durante le operazioni di rito si era impossessato del ciclomotore, tentando di darsi alla fuga nel vano tentativo di sottrarlo agli accertamenti e alla disponibilit\u00e0 dei militari, per favoreggiamento.<\/p>\n","protected":false},"excerpt":{"rendered":"<p>Ieri sera, la pattuglia della Motovedetta dei Carabinieri di La Maddalena, in servizio di vigilanza al porto, ha notato sopraggiungere un ciclomotore con a bordo&#8230;<\/p>\n","protected":false},"author":2,"featured_media":0,"comment_status":"closed","ping_status":"closed","sticky":false,"template":"","format":"standard","meta":[],"categories":[49],"tags":[],"_links":{"self":[{"href":"https:\/\/www.cronacaonline.it\/index.php\/wp-json\/wp\/v2\/posts\/110908"}],"collection":[{"href":"https:\/\/www.cronacaonline.it\/index.php\/wp-json\/wp\/v2\/posts"}],"about":[{"href":"https:\/\/www.cronacaonline.it\/index.php\/wp-json\/wp\/v2\/types\/post"}],"author":[{"embeddable":true,"href":"https:\/\/www.cronacaonline.it\/index.php\/wp-json\/wp\/v2\/users\/2"}],"replies":[{"embeddable":true,"href":"https:\/\/www.cronacaonline.it\/index.php\/wp-json\/wp\/v2\/comments?post=110908"}],"version-history":[{"count":0,"href":"https:\/\/www.cronacaonline.it\/index.php\/wp-json\/wp\/v2\/posts\/110908\/revisions"}],"wp:attachment":[{"href":"https:\/\/www.cronacaonline.it\/index.php\/wp-json\/wp\/v2\/media?parent=110908"}],"wp:term":[{"taxonomy":"category","embeddable":true,"href":"https:\/\/www.cronacaonline.it\/index.php\/wp-json\/wp\/v2\/categories?post=110908"},{"taxonomy":"post_tag","embeddable":true,"href":"https:\/\/www.cronacaonline.it\/index.php\/wp-json\/wp\/v2\/tags?post=110908"}],"curies":[{"name":"wp","href":"https:\/\/api.w.org\/{rel}","templated":true}]}}