{"id":110896,"date":"2014-05-27T17:20:48","date_gmt":"2014-05-27T16:20:48","guid":{"rendered":"http:\/\/www.cronacaonline.it\/public\/content\/index.php\/27\/05\/2014\/renzi-a-bruxelles-da-leader-ora-cambi-anche-leuropa"},"modified":"2014-05-27T17:20:48","modified_gmt":"2014-05-27T16:20:48","slug":"renzi-a-bruxelles-da-leader-ora-cambi-anche-leuropa","status":"publish","type":"post","link":"https:\/\/www.cronacaonline.it\/index.php\/2014\/05\/27\/renzi-a-bruxelles-da-leader-ora-cambi-anche-leuropa\/","title":{"rendered":"Renzi a Bruxelles da leader: &#8220;Ora cambi anche l&#8217;Europa&#8221;"},"content":{"rendered":"<p>Archiviato lo storico successo elettorale, il segretario del Pd Matteo Renzi sar\u00e0 oggi a Bruxelles, dove si presenter\u00e0 con un \"peso\" assai diverso rispetto a quello che aveva sino ad una settimana fa. Il primo incontro del presidente del Consiglio \u00e8 stato per\u00f2 al Quirinale dove, prima di partire, ha parlato con il presidente Napolitano. Nella capitale belga invece il primo impegno che aspetta il premier italiano \u00e8 la riunione del Pse, riunione dove Renzi si presenta come segretario del partito che pi\u00f9 eurodeputati ha eletto tra le fila dei socialisti europei. Subito dopo, l'incontro con gli altri capi di Stato e di governo. E qui, il premier italiano, sar\u00e0 insieme alla Merkel l'unico leader di governo ad essere uscito vincitore dalla urne e, a differenza della Cancelliera tedesca, persino rafforzato.<\/p>\n<p>Il tavolo pi\u00f9 importante \u00e8 chiaramente quello che riguarda la composizione del prossimo governo continentale e, soprattutto, come ha sottolineato lo stesso Renzi, le politiche che questo sposer\u00e0. Il Pse \u00e8, \u00e8 vero, la seconda forza all'interno dell'Europarlamento ma appare evidente a tutti che anche a Bruxelles, come a Berlino e Roma, l'unica ricetta per formare un governo sar\u00e0 quella delle larghe intese. In questo quadro Renzi e l'Italia si presentano come gli attori principali dopo la Merkel e la Germania. Il Pd rappresenta la fetta pi\u00f9 consistente del Pse e, dopo le batoste elettorali prese da Hollande e Cameron, \u00e8 Renzi l'unico interlocutore di peso rimasto alla Cancelliera.<\/p>\n<p>\"Si apre un percorso complicato - ha spiegato Renzi a Porta a Porta -, c'\u00e8 da scegliere il presidente del Parlamento, il presidente del Consiglio europeo, il presidente della commissione Ue e il rappresentante della politica estera\". Ed \u00e8 \"ragionevole\" pensare che una di queste caselle venga impersonata da un italiano. Ma Renzi spiega che \"il punto \u00e8 che l'Italia non deve preoccuparsi di portare un italiano, deve preoccuparsi delle politiche che si fanno\". \"L'Italia per\u00f2 \u2013 ha continuato il premier - non deve preoccuparsi di portare un italiano\".<\/p>\n<p>Chiaro \u00e8 stato il segretario Pd su quale siano le politiche che vuole portare in Europa. \"Siamo d'accordo che le spese per scuola e ricerca vanno fuori dal patto di stabilit\u00e0, che l'Europa metta bocca sul Mediterraneo? Se siamo d'accordo la nazionalit\u00e0 \u00e8 secondaria\". All'Europa, ha spiegato, \"\u00e8 arrivato forte e chiaro il messaggio che cos\u00ec come stiamo andando non va bene\". \"Quest'Europa non ha convinto\", non solo gli euroscettici, \"ma anche chi ha votato il Pd ha detto, 'ragazzi cambiamo'\". E in quest'ottica se l'Europa cambier\u00e0 le sue politiche di rigore e si aprir\u00e0 alla crescita, \"potremo fare un'operazione keynesiana straordinaria in cinque anni: pi\u00f9 di 150 miliardi di euro\".<\/p>\n<p>Per quanto riguarda la guida della Commissione, anche nel governo italiano l'ipotesi di un 'terzo uomo' - o donna, vista l'insistenza con cui circola il nome di Christine Lagarde - per superare il dualismo Juncker-Schulz viene vista come possibile. Al punto che c'\u00e8 chi, nel Pd, ipotizza addirittura che possa essere italiano il nome che mette d'accordo la larga coalizione necessaria per arrivare a quel 50% pi\u00f9 uno con cui l'Europarlamento dovr\u00e0 approvare l'indicazione de Consiglio Europeo a presidente della Commissione: \"Enrico Letta riscuote consensi sia nel Pse che nel Ppe, \u00e8 apprezzato in Germania, ed \u00e8 europeista convinto. Potrebbe essere lui il nome\". Inaugurando magari quell'asse italo-tedesco su cui oggi il premier ha glissato: \"Ma effettivamente \u00e8 lui l'interlocutore pi\u00f9 forte per la Merkel\", sottolineano dal suo staff.<\/p>\n<p>All'interno del Pse il Pd potrebbe infine ottenere il capogruppo con Simona Bonaf\u00e8, la pi\u00f9 votata, Gianni Pittella, il pi\u00f9 esperto, o Renato Soru. <\/p>\n","protected":false},"excerpt":{"rendered":"<p>Archiviato lo storico successo elettorale, il segretario del Pd Matteo Renzi sar\u00e0 oggi a Bruxelles, dove si presenter\u00e0 con un &#8220;peso&#8221; assai diverso rispetto a&#8230;<\/p>\n","protected":false},"author":2,"featured_media":0,"comment_status":"closed","ping_status":"closed","sticky":false,"template":"","format":"standard","meta":[],"categories":[49],"tags":[],"_links":{"self":[{"href":"https:\/\/www.cronacaonline.it\/index.php\/wp-json\/wp\/v2\/posts\/110896"}],"collection":[{"href":"https:\/\/www.cronacaonline.it\/index.php\/wp-json\/wp\/v2\/posts"}],"about":[{"href":"https:\/\/www.cronacaonline.it\/index.php\/wp-json\/wp\/v2\/types\/post"}],"author":[{"embeddable":true,"href":"https:\/\/www.cronacaonline.it\/index.php\/wp-json\/wp\/v2\/users\/2"}],"replies":[{"embeddable":true,"href":"https:\/\/www.cronacaonline.it\/index.php\/wp-json\/wp\/v2\/comments?post=110896"}],"version-history":[{"count":0,"href":"https:\/\/www.cronacaonline.it\/index.php\/wp-json\/wp\/v2\/posts\/110896\/revisions"}],"wp:attachment":[{"href":"https:\/\/www.cronacaonline.it\/index.php\/wp-json\/wp\/v2\/media?parent=110896"}],"wp:term":[{"taxonomy":"category","embeddable":true,"href":"https:\/\/www.cronacaonline.it\/index.php\/wp-json\/wp\/v2\/categories?post=110896"},{"taxonomy":"post_tag","embeddable":true,"href":"https:\/\/www.cronacaonline.it\/index.php\/wp-json\/wp\/v2\/tags?post=110896"}],"curies":[{"name":"wp","href":"https:\/\/api.w.org\/{rel}","templated":true}]}}