{"id":110888,"date":"2014-05-25T17:20:48","date_gmt":"2014-05-25T16:20:48","guid":{"rendered":"http:\/\/www.cronacaonline.it\/public\/content\/index.php\/25\/05\/2014\/elezioni-europee-seggi-aperti-dalle-7-dove-e-come-si-vota"},"modified":"2014-05-25T17:20:48","modified_gmt":"2014-05-25T16:20:48","slug":"elezioni-europee-seggi-aperti-dalle-7-dove-e-come-si-vota","status":"publish","type":"post","link":"https:\/\/www.cronacaonline.it\/index.php\/2014\/05\/25\/elezioni-europee-seggi-aperti-dalle-7-dove-e-come-si-vota\/","title":{"rendered":"Elezioni europee: seggi aperti dalle 7. Dove e come si vota"},"content":{"rendered":"<p>Si sono aperti i seggi&nbsp; alle 7 per le elezioni Europee. Fino alle 23, ultimi a chiudere in Europa, sar\u00e0 possibile votare. Nel nostro Paese, come anche in Gran Bretagna, non si vota solo per il rinnovo dell\u2019Europarlamento, ma in generale la consultazione continentale avr\u00e0 ripercussioni e peso anche sugli esecutivi dei singoli Stati membri.<\/p>\n<p>Dalle 7 e sino alle 23 sono oltre 49 milioni gli italiani chiamati ad eleggere i 73 membri del Parlamento europeo spettanti. 61594 i seggi sparsi nella Penisola. In Piemonte ed Abruzzo si voter\u00e0 inoltre per nominare i rispettivi presidenti delle Regioni e i Consigli regionali e, in oltre 4mila comuni (3900, di cui 24 capoluoghi di provincia, nelle Regioni a statuto ordinario; 131 nel Friuli Venezia Giulia; 37 in Sicilia di cui 1 capoluogo di provincia e 18 in Sardegna, di cui due capoluoghi di provincia), per la scelta del sindaco e del consiglio comunale. Questi i capoluoghi coinvolti: Biella, Verbania, Vercelli, Bergamo, Cremona, Pavia, Padova, Ferrara, Forl\u00ec, Modena, Reggio Emilia, Firenze, Livorno, Prato, Perugia, Terni, Ascoli Piceno, Pesaro, Pescara, Teramo, Campobasso, Bari, Foggia, Potenza, Caltanissetta, Sassari, Tortol\u00ec.<\/p>\n<p>Lo scrutinio dei voti per il Parlamento europeo inizier\u00e0 a partire dalle ore 23 di domenica, subito dopo la conclusione delle operazioni di voto e l'accertamento del numero dei votanti. Dove sono previste le elezioni regionali e comunali, lo scrutinio partir\u00e0 dalle ore 14 di luned\u00ec 26 maggio, dando la precedenza allo spoglio delle schede per le elezioni regionali.<\/p>\n<p>A caratterizzare questa tornata elettorale, in Italia e non solo, potrebbe essere l\u2019astensionismo. In Olanda ad esempio, il primo paese insieme alla Gran Bretagna ad aver votato, il numero di chi non si \u00e8 recato ai seggi \u00e8 stato superiore al 60%. Nel nostro Paese le previsioni parlano di numeri pi\u00f9 bassi, intorno al 40%, ma comunque ampiamente sufficienti a condizionare il risultato. Chi riuscir\u00e0 a convincere e a portare al voto gli indecisi e quelli che solitamente non votano sar\u00e0 infatti colui che vincer\u00e0, almeno politicamente, queste elezioni. <\/p>\n<style type=\"text\/css\" abp=\"222\">body {\tbackground: #FFF;}<\/style><\/p>\n","protected":false},"excerpt":{"rendered":"<p>Si sono aperti i seggi&nbsp; alle 7 per le elezioni Europee. Fino alle 23, ultimi a chiudere in Europa, sar\u00e0 possibile votare. Nel nostro Paese,&#8230;<\/p>\n","protected":false},"author":2,"featured_media":0,"comment_status":"closed","ping_status":"closed","sticky":false,"template":"","format":"standard","meta":[],"categories":[49],"tags":[],"_links":{"self":[{"href":"https:\/\/www.cronacaonline.it\/index.php\/wp-json\/wp\/v2\/posts\/110888"}],"collection":[{"href":"https:\/\/www.cronacaonline.it\/index.php\/wp-json\/wp\/v2\/posts"}],"about":[{"href":"https:\/\/www.cronacaonline.it\/index.php\/wp-json\/wp\/v2\/types\/post"}],"author":[{"embeddable":true,"href":"https:\/\/www.cronacaonline.it\/index.php\/wp-json\/wp\/v2\/users\/2"}],"replies":[{"embeddable":true,"href":"https:\/\/www.cronacaonline.it\/index.php\/wp-json\/wp\/v2\/comments?post=110888"}],"version-history":[{"count":0,"href":"https:\/\/www.cronacaonline.it\/index.php\/wp-json\/wp\/v2\/posts\/110888\/revisions"}],"wp:attachment":[{"href":"https:\/\/www.cronacaonline.it\/index.php\/wp-json\/wp\/v2\/media?parent=110888"}],"wp:term":[{"taxonomy":"category","embeddable":true,"href":"https:\/\/www.cronacaonline.it\/index.php\/wp-json\/wp\/v2\/categories?post=110888"},{"taxonomy":"post_tag","embeddable":true,"href":"https:\/\/www.cronacaonline.it\/index.php\/wp-json\/wp\/v2\/tags?post=110888"}],"curies":[{"name":"wp","href":"https:\/\/api.w.org\/{rel}","templated":true}]}}