{"id":110872,"date":"2014-05-26T17:20:48","date_gmt":"2014-05-26T16:20:48","guid":{"rendered":"http:\/\/www.cronacaonline.it\/public\/content\/index.php\/26\/05\/2014\/elezioni-europee---dichiarazioni-del-consigliere-regionale-del-pd-pietro-cocco-sullimportante-risultato-ottenuto-dal-partito-democratico-con-lelezione-di-renato-soru-a-parlamentare-europeo"},"modified":"2014-05-26T17:20:48","modified_gmt":"2014-05-26T16:20:48","slug":"elezioni-europee-dichiarazioni-del-consigliere-regionale-del-pd-pietro-cocco-sullimportante-risultato-ottenuto-dal-partito-democratico-con-lelezione-di-renato-soru-a-parlamentare-europeo","status":"publish","type":"post","link":"https:\/\/www.cronacaonline.it\/index.php\/2014\/05\/26\/elezioni-europee-dichiarazioni-del-consigliere-regionale-del-pd-pietro-cocco-sullimportante-risultato-ottenuto-dal-partito-democratico-con-lelezione-di-renato-soru-a-parlamentare-europeo\/","title":{"rendered":"Elezioni europee &#8211; Dichiarazioni del Consigliere regionale del Pd, Pietro Cocco sull\u2019importante risultato ottenuto dal Partito Democratico con l\u2019elezione di Renato Soru a parlamentare europeo."},"content":{"rendered":"<p>Il Capogruppo del PD in Consiglio Regionale, Pietro Cocco, analizza con soddisfazione l\u2019eccellente risultato ottenuto dal Partito Democratico in occasione delle elezioni europee e sottolinea che la Sardegna stavolta, con la candidatura di una figura autorevole e di prestigio come quella di Renato Soru ha espresso in modo compatto il proprio sostegno riuscendo anche a superare il deficit demografico che ci ha storicamente penalizzato nei confronti della Sicilia.<\/p>\n<p>Un risultato decisamente non scontato, che \u00e8 andato oltre tutte le attese della stessa dirigenza democratica. Sulla scia dell\u2019entusiasmo per il consenso ottenuto, il neoparlamentare eletto Renato Soru, far\u00e0 tesoro della responsabilit\u00e0 che gli \u00e8 stata attribuita per lavorare all\u2019attuazione delle riforme che daranno anche alla Sardegna un ruolo da protagonista nelle politiche europee. Com-b.s<\/p>\n<style type=\"text\/css\" abp=\"222\">body {\tbackground: #FFF;}<\/style><\/p>\n","protected":false},"excerpt":{"rendered":"<p>Il Capogruppo del PD in Consiglio Regionale, Pietro Cocco, analizza con soddisfazione l\u2019eccellente risultato ottenuto dal Partito Democratico in occasione delle elezioni europee e sottolinea&#8230;<\/p>\n","protected":false},"author":2,"featured_media":0,"comment_status":"closed","ping_status":"closed","sticky":false,"template":"","format":"standard","meta":[],"categories":[49],"tags":[],"_links":{"self":[{"href":"https:\/\/www.cronacaonline.it\/index.php\/wp-json\/wp\/v2\/posts\/110872"}],"collection":[{"href":"https:\/\/www.cronacaonline.it\/index.php\/wp-json\/wp\/v2\/posts"}],"about":[{"href":"https:\/\/www.cronacaonline.it\/index.php\/wp-json\/wp\/v2\/types\/post"}],"author":[{"embeddable":true,"href":"https:\/\/www.cronacaonline.it\/index.php\/wp-json\/wp\/v2\/users\/2"}],"replies":[{"embeddable":true,"href":"https:\/\/www.cronacaonline.it\/index.php\/wp-json\/wp\/v2\/comments?post=110872"}],"version-history":[{"count":0,"href":"https:\/\/www.cronacaonline.it\/index.php\/wp-json\/wp\/v2\/posts\/110872\/revisions"}],"wp:attachment":[{"href":"https:\/\/www.cronacaonline.it\/index.php\/wp-json\/wp\/v2\/media?parent=110872"}],"wp:term":[{"taxonomy":"category","embeddable":true,"href":"https:\/\/www.cronacaonline.it\/index.php\/wp-json\/wp\/v2\/categories?post=110872"},{"taxonomy":"post_tag","embeddable":true,"href":"https:\/\/www.cronacaonline.it\/index.php\/wp-json\/wp\/v2\/tags?post=110872"}],"curies":[{"name":"wp","href":"https:\/\/api.w.org\/{rel}","templated":true}]}}