{"id":110863,"date":"2014-05-28T17:20:48","date_gmt":"2014-05-28T16:20:48","guid":{"rendered":"http:\/\/www.cronacaonline.it\/public\/content\/index.php\/28\/05\/2014\/questo-pomeriggio-alle-15-avvio-del-x-congresso-regione-sardegna-della-uil-pensionati"},"modified":"2014-05-28T17:20:48","modified_gmt":"2014-05-28T16:20:48","slug":"questo-pomeriggio-alle-15-avvio-del-x-congresso-regione-sardegna-della-uil-pensionati","status":"publish","type":"post","link":"https:\/\/www.cronacaonline.it\/index.php\/2014\/05\/28\/questo-pomeriggio-alle-15-avvio-del-x-congresso-regione-sardegna-della-uil-pensionati\/","title":{"rendered":"Questo pomeriggio alle 15 avvio del X Congresso regione Sardegna della Uil pensionati."},"content":{"rendered":"<p>Inizieranno questo pomeriggio, alle ore 15, i lavori del X Congresso regionale della UIL Pensionati.<\/p>\n<p>Dopo le procedure statutarie seguir\u00e0 la relazione del Segretario regionale uscente, Rinaldo Mereu.<\/p>\n<p>Il Congresso riveste una importanza particolare considerate le congiunture economiche e sociali provocate dalla grave crisi in atto, perci\u00f2, sar\u00e0 l\u2019occasione per focalizzare ulteriori e nuove iniziative atte a contrastare pesante situazione che, in Sardegna pi\u00f9 che altrove, ha gi\u00e0 provocato tantissima disoccupazione, una pesante recessione economica, ma soprattutto la perdita del potere d\u2019acquisto delle pensioni erogate. Queste, percepite da un genitore o da un nonno, sempre pi\u00f9 spesso risulta essere l\u2019unica fonte di reddito del nucleo familiare.<\/p>\n<p>I delegati chiamati ad eleggere il Segretario regionale della UIL Pensionati, sono 130 in rappresentanza di oltre 19 mila iscritti.<\/p>\n<p>In questo primo mandato della segreteria di Rinaldo Mereu \u00e8 stato registrato anche un importante incremento degli iscritti con un +8,96% su base regionale, dove Cagliari e Tortol\u00ec hanno fatto registrare i picchi pi\u00f9 elevati con, rispettivamente, +36,8% e +61%.<\/p>\n<p>In Italia, i pensionati (dati Istat 2012) sono oltre 23 milioni, 472.476 in Sardegna, che percepiscono l\u2019ammontare pari al 17,28% del PIL (270.720 milioni di euro) (la media in Sardegna \u00e8 di 686,11 euro mensili).<br \/>Ai lavori parteciper\u00e0 anche il Segretario nazionale della categoria, Romano Bellissima e il Segretario Generale della Uil Sardegna, Francesca Ticca.<\/p>\n","protected":false},"excerpt":{"rendered":"<p>Inizieranno questo pomeriggio, alle ore 15, i lavori del X Congresso regionale della UIL Pensionati. Dopo le procedure statutarie seguir\u00e0 la relazione del Segretario regionale&#8230;<\/p>\n","protected":false},"author":2,"featured_media":0,"comment_status":"closed","ping_status":"closed","sticky":false,"template":"","format":"standard","meta":[],"categories":[49],"tags":[],"_links":{"self":[{"href":"https:\/\/www.cronacaonline.it\/index.php\/wp-json\/wp\/v2\/posts\/110863"}],"collection":[{"href":"https:\/\/www.cronacaonline.it\/index.php\/wp-json\/wp\/v2\/posts"}],"about":[{"href":"https:\/\/www.cronacaonline.it\/index.php\/wp-json\/wp\/v2\/types\/post"}],"author":[{"embeddable":true,"href":"https:\/\/www.cronacaonline.it\/index.php\/wp-json\/wp\/v2\/users\/2"}],"replies":[{"embeddable":true,"href":"https:\/\/www.cronacaonline.it\/index.php\/wp-json\/wp\/v2\/comments?post=110863"}],"version-history":[{"count":0,"href":"https:\/\/www.cronacaonline.it\/index.php\/wp-json\/wp\/v2\/posts\/110863\/revisions"}],"wp:attachment":[{"href":"https:\/\/www.cronacaonline.it\/index.php\/wp-json\/wp\/v2\/media?parent=110863"}],"wp:term":[{"taxonomy":"category","embeddable":true,"href":"https:\/\/www.cronacaonline.it\/index.php\/wp-json\/wp\/v2\/categories?post=110863"},{"taxonomy":"post_tag","embeddable":true,"href":"https:\/\/www.cronacaonline.it\/index.php\/wp-json\/wp\/v2\/tags?post=110863"}],"curies":[{"name":"wp","href":"https:\/\/api.w.org\/{rel}","templated":true}]}}