{"id":110782,"date":"2014-05-28T17:20:47","date_gmt":"2014-05-28T16:20:47","guid":{"rendered":"http:\/\/www.cronacaonline.it\/public\/content\/index.php\/28\/05\/2014\/simona-pellegrini-presidente-della-sezione-costruttori-edili-della-confindustria-sardegna-meridionale"},"modified":"2014-05-28T17:20:47","modified_gmt":"2014-05-28T16:20:47","slug":"simona-pellegrini-presidente-della-sezione-costruttori-edili-della-confindustria-sardegna-meridionale","status":"publish","type":"post","link":"https:\/\/www.cronacaonline.it\/index.php\/2014\/05\/28\/simona-pellegrini-presidente-della-sezione-costruttori-edili-della-confindustria-sardegna-meridionale\/","title":{"rendered":"Simona Pellegrini presidente della Sezione Costruttori Edili della Confindustria Sardegna Meridionale."},"content":{"rendered":"<p>Simona Pellegrini \u00e8 la nuova Presidente della Sezione Costruttori Edili della Confindustria Sardegna Meridionale.<\/p>\n<p>E\u2019 stata eletta ieri pomeriggio dall\u2019Assemblea della Sezione riunitasi a Cagliari nella sede confindustriale di viale Colombo.<\/p>\n<p>Cagliaritana, 41 anni, titolare della SALP, impresa operante principalmente nel settore delle opere pubbliche, Simona Pellegrini \u00e8 la prima donna chiamata a ricoprire l\u2019importante carica nella quasi centenaria storia della organizzazione dei costruttori edili della provincia aderenti all\u2019ANCE ed alla Confindustria, che rappresenta 146 imprese con circa 1700 dipendenti.<\/p>\n<p>Impegnata da diversi anni nel sistema ANCE-Confindustria, Simona Pellegrini ha gi\u00e0 maturato una importante esperienza associativa.<br \/>Dal 2003 \u00e8 infatti componente del Consiglio Direttivo della Sezione Costruttori Edili ed \u00e8 stata Presidente del Gruppo Giovani Imprenditori Edili dal 2008 al 2014; \u00e8 stata inoltre Presidente della Scuola Edile della provincia di Cagliari dal 2009 al 2011.<\/p>\n<p>Dal 2011 \u00e8 Consigliere della Giunta della Confindustria cagliaritana e, dallo scorso anno, componente del Consiglio Direttivo di Confindustria Sardegna.<\/p>\n<p>In seno all\u2019ANCE, Associazione Nazionale Costruttori Edili, \u00e8 componente della Commissione Relazioni Industriali e Affari Sociali, della Commissione Rapporti Interni e del Consiglio di Amministrazione dell\u2019AFM, l\u2019associazione di formazione manageriale dell\u2019Organizzazione.<br \/>Nel suo intervento di saluto, la Pellegrini, che sostituisce l\u2019ing. Maurizio de Pascale, chiamato alla Presidenza della Confindustria Sardegna Meridionale, dopo aver ringraziato i colleghi per la fiducia accordatale, ha detto di sentire la responsabilit\u00e0 derivante dall\u2019importante incarico ma di essere pronta al massimo impegno per contribuire alla ripresa del comparto.<\/p>\n<p>\u201cLa responsabilit\u00e0 che mi viene affidata - ha affermato - \u00e8 ancora pi\u00f9 pesante in considerazione del momento di gravissima e persistente crisi vissuto dal comparto edile nella nostra regione. Una crisi che dura ormai da troppi anni e della quale non si vede ancora con chiarezza la fine. I timidi segnali positivi che si intravvedono per i pi\u00f9 recenti investimenti in opere pubbliche non sono infatti ancora sufficienti per rilanciare l\u2019economia del settore e della regione.\u201d<\/p>\n<p>\u201cPer avviare un percorso virtuoso, capace di sostenere concretamente la ripresa economica della Sardegna, - ha continuato -&nbsp; sono necessari interventi ancora pi\u00f9 consistenti sul piano normativo (patto di stabilit\u00e0, piano paesaggistico, normativa urbanistica), sul piano degli investimenti in opere pubbliche, finalizzati principalmente a colmare il deficit infrastrutturale della regione e sul sistema del credito, al fine di favorire la ripresa dei consumi\u201d.<\/p>\n<p>\u201cL\u2019impegno mio e di tutto il direttivo per il raggiungimento di tali obiettivi, fondamentali anche per garantire la sopravvivenza delle tantissime piccole imprese edili che costituiscono la base del tessuto produttivo della Sardegna \u2013 ha concluso \u2013 sar\u00e0 totale. Ma il successo delle nostre iniziative sar\u00e0 tanto pi\u00f9 probabile quanto pi\u00f9 le Autorit\u00e0 e le Istituzioni sentiranno che le istanze provengono da una categoria compatta e coesa.\u201d<\/p>\n<p>Simona Pellegrini, che rimarr\u00e0 in carica per il prossimo triennio, sar\u00e0 affiancata da un Consiglio Direttivo, anch\u2019 esso eletto dall\u2019Assemblea della Sezione, che sar\u00e0 formato da: Efisio Angius,&nbsp; dell\u2019impresa Angius Giuseppe e figli srl; Giuseppe Cualbu, Nuove Iniziative Coimpresa srl; Stefano de Pascale, Mendrasine srl; Valter Odoni, Opere Geotecniche snc; Sergio Porcu, Vacomic srl; David Scaccia, EDILIT srl; Giuseppina Sciannameo, SO.GE.LA srl; Maurizio Spiga, Mavico srl; Giampietro Vargiu, I.CO.GEN srl&nbsp; e Renato Vargiu, Tepor spa. Com-red<\/p>\n<p><\/p>\n","protected":false},"excerpt":{"rendered":"<p>Simona Pellegrini \u00e8 la nuova Presidente della Sezione Costruttori Edili della Confindustria Sardegna Meridionale. E\u2019 stata eletta ieri pomeriggio dall\u2019Assemblea della Sezione riunitasi a Cagliari&#8230;<\/p>\n","protected":false},"author":2,"featured_media":0,"comment_status":"closed","ping_status":"closed","sticky":false,"template":"","format":"standard","meta":[],"categories":[49],"tags":[],"_links":{"self":[{"href":"https:\/\/www.cronacaonline.it\/index.php\/wp-json\/wp\/v2\/posts\/110782"}],"collection":[{"href":"https:\/\/www.cronacaonline.it\/index.php\/wp-json\/wp\/v2\/posts"}],"about":[{"href":"https:\/\/www.cronacaonline.it\/index.php\/wp-json\/wp\/v2\/types\/post"}],"author":[{"embeddable":true,"href":"https:\/\/www.cronacaonline.it\/index.php\/wp-json\/wp\/v2\/users\/2"}],"replies":[{"embeddable":true,"href":"https:\/\/www.cronacaonline.it\/index.php\/wp-json\/wp\/v2\/comments?post=110782"}],"version-history":[{"count":0,"href":"https:\/\/www.cronacaonline.it\/index.php\/wp-json\/wp\/v2\/posts\/110782\/revisions"}],"wp:attachment":[{"href":"https:\/\/www.cronacaonline.it\/index.php\/wp-json\/wp\/v2\/media?parent=110782"}],"wp:term":[{"taxonomy":"category","embeddable":true,"href":"https:\/\/www.cronacaonline.it\/index.php\/wp-json\/wp\/v2\/categories?post=110782"},{"taxonomy":"post_tag","embeddable":true,"href":"https:\/\/www.cronacaonline.it\/index.php\/wp-json\/wp\/v2\/tags?post=110782"}],"curies":[{"name":"wp","href":"https:\/\/api.w.org\/{rel}","templated":true}]}}