{"id":110740,"date":"2014-05-27T17:20:47","date_gmt":"2014-05-27T16:20:47","guid":{"rendered":"http:\/\/www.cronacaonline.it\/public\/content\/index.php\/27\/05\/2014\/sassari---sanna-al-primo-turno-per-il-candidato-sindaco-del-centrosinistra-un-vero-e-proprio-successo"},"modified":"2014-05-27T17:20:47","modified_gmt":"2014-05-27T16:20:47","slug":"sassari-sanna-al-primo-turno-per-il-candidato-sindaco-del-centrosinistra-un-vero-e-proprio-successo","status":"publish","type":"post","link":"https:\/\/www.cronacaonline.it\/index.php\/2014\/05\/27\/sassari-sanna-al-primo-turno-per-il-candidato-sindaco-del-centrosinistra-un-vero-e-proprio-successo\/","title":{"rendered":"Sassari &#8211; Sanna al primo turno: per il candidato sindaco del centrosinistra un vero e proprio successo."},"content":{"rendered":"<p>\u201cRingrazio la citt\u00e0. Si tratta di un risultato che premia l\u2019operato dei nostri cittadini \u2013 afferma \u2013 e che mi d\u00e0 una responsabilit\u00e0 eccezionale che travalic agli stessi confini della citt\u00e0.<\/p>\n<p>\u201c\u00c8 un dato che conferma il voto delle europee. Renzi vince facendo scelte importanti che collocano il Pd nell\u2019asse del socialismo europeo. Un\u2019adesione che poteva sembrare rischiosa e che, in realt\u00e0, si \u00e8 rivelata premiante.<\/p>\n<p>Il merito dunque \u2013 prosegue Nicola Sanna \u2013 \u00e8 del centrosinistra che ha dimostrato di essere vero protagonista e dei sassaresi che hanno voluto confermare il buon governo e la capacit\u00e0 di rinnovarsi di un gruppo dirigente giovane e capace. Un risultato sorprendente dunque, se si considera che la politica non sempre \u00e8 vista con entusiasmo. C\u2019\u00e8 stato un risveglio della democrazia che, adesso, non possiamo trascurare e che dovremo assecondare con l\u2019impegno di tutti.<\/p>\n<p>Sar\u00f2 cos\u00ec il sindaco di tutti i cittadini e le cittadine \u2013 afferma ancora \u2013 e mi metter\u00f2, da subito, al servizio della citt\u00e0 che, necessariamente, dovr\u00e0 essere coinvolta, cos\u00ec come abbiamo fatto durante la nostra campagna elettorale. Questo dato quindi \u00e8 un impegno che coinvolger\u00e0 tutta la citt\u00e0. Il consiglio sar\u00e0 perci\u00f2 un consiglio forte nel quale non trascurer\u00f2 l\u2019opposizione che dovr\u00e0 fare il suo mestiere.<\/p>\n<p>Possiamo cos\u00ec pensare anche ai primi obiettivi: le famiglie, l\u2019economia, il Puc, il centro intermodale e poi abbiamo necessit\u00e0 di attrarre risorse per realizzare una serie di opere utili per la nostra citt\u00e0 che deve tornare a essere protagonista anche a livello nazionale\u201d, conclude Nicola Sanna.<br \/>Tra le telefonate di congratulazioni ricevute dal neo sindaco, si segnala quella del primo cittadino di Rimini, Andrea Gnassi, nonch\u00e9 presidente dell\u2019associazione Citt\u00e0 strategiche, come Torino, Venezia, Bari, Pescara Cuneo, Catania, e di cui anche Sassari fa parte partecipando al comitato direttivo nazionale. Com<\/p>\n","protected":false},"excerpt":{"rendered":"<p>\u201cRingrazio la citt\u00e0. Si tratta di un risultato che premia l\u2019operato dei nostri cittadini \u2013 afferma \u2013 e che mi d\u00e0 una responsabilit\u00e0 eccezionale che&#8230;<\/p>\n","protected":false},"author":2,"featured_media":0,"comment_status":"closed","ping_status":"closed","sticky":false,"template":"","format":"standard","meta":[],"categories":[49],"tags":[],"_links":{"self":[{"href":"https:\/\/www.cronacaonline.it\/index.php\/wp-json\/wp\/v2\/posts\/110740"}],"collection":[{"href":"https:\/\/www.cronacaonline.it\/index.php\/wp-json\/wp\/v2\/posts"}],"about":[{"href":"https:\/\/www.cronacaonline.it\/index.php\/wp-json\/wp\/v2\/types\/post"}],"author":[{"embeddable":true,"href":"https:\/\/www.cronacaonline.it\/index.php\/wp-json\/wp\/v2\/users\/2"}],"replies":[{"embeddable":true,"href":"https:\/\/www.cronacaonline.it\/index.php\/wp-json\/wp\/v2\/comments?post=110740"}],"version-history":[{"count":0,"href":"https:\/\/www.cronacaonline.it\/index.php\/wp-json\/wp\/v2\/posts\/110740\/revisions"}],"wp:attachment":[{"href":"https:\/\/www.cronacaonline.it\/index.php\/wp-json\/wp\/v2\/media?parent=110740"}],"wp:term":[{"taxonomy":"category","embeddable":true,"href":"https:\/\/www.cronacaonline.it\/index.php\/wp-json\/wp\/v2\/categories?post=110740"},{"taxonomy":"post_tag","embeddable":true,"href":"https:\/\/www.cronacaonline.it\/index.php\/wp-json\/wp\/v2\/tags?post=110740"}],"curies":[{"name":"wp","href":"https:\/\/api.w.org\/{rel}","templated":true}]}}