{"id":110713,"date":"2014-05-26T17:20:47","date_gmt":"2014-05-26T16:20:47","guid":{"rendered":"http:\/\/www.cronacaonline.it\/public\/content\/index.php\/26\/05\/2014\/al-setar-di-quartu-x-congresso-regionale-della-uil-pensionati"},"modified":"2014-05-26T17:20:47","modified_gmt":"2014-05-26T16:20:47","slug":"al-setar-di-quartu-x-congresso-regionale-della-uil-pensionati","status":"publish","type":"post","link":"https:\/\/www.cronacaonline.it\/index.php\/2014\/05\/26\/al-setar-di-quartu-x-congresso-regionale-della-uil-pensionati\/","title":{"rendered":"Al Setar di Quartu, X congresso regionale della UIL Pensionati"},"content":{"rendered":"<p>Saranno 130 i delegati, in rappresentanza di oltre 19 mila iscritti in Sardegna che mercoled\u00ec 28 e gioved\u00ec 29 maggio, prenderanno parte al X Congresso regionale della UIL Pensionati che si svolger\u00e0 all\u2019Hotel Setar di Quartu.<\/p>\n<p>Ai lavori, che inizieranno con la relazione del Segretario uscente, Rinaldo Mereu, parteciper\u00e0 anche il Segretario nazionale della categoria, Romano Bellissima e il Segretario Generale della Uil Sardegna, Francesca Ticca.<br \/>L\u2019impegno di questi ultimi quattro anni, che saranno evidenziati nella relazione del segretario uscente, sono serviti a dare inizio ad un lavoro capillare e di presenza nei territori che ha ripagato la categoria con un importante incremento degli iscritti. Un impegno che deve proseguire al fine di radicare la presenza del sindacato nei territori affinch\u00e9 si consolidi quale punto di riferimento sociale e di patronato.<\/p>\n<p>Il Congresso, inoltre, focalizzer\u00e0 gli aspetti che i pensionati, e tutta la societ\u00e0 italiana, stanno vivendo a causa di questa grave crisi economica e sociale, di cui si tarda a vedere spiragli di luce.<\/p>\n<p>La crisi globale, infatti, in Sardegna pi\u00f9 che altrove, ha provocato tantissima disoccupazione e altrettanto malessere sociale e la pensione di un padre o di un nonno, a volte \u00e8 l\u2019unica fonte di reddito del nucleo familiare.<\/p>\n<p>Ecco perch\u00e9 gli oltre 23 milioni di pensionati in Italia, 472.476 in Sardegna, (dato Istat 2012) che percepiscono l\u2019ammontare pari al 17,28% del PIL (270.720 milioni di euro) (la media in Sardegna \u00e8 di 686,11 euro mensili), meritano maggiore attenzione da parte delle istituzioni nazionali, regionali e comunali individuando un quest\u2019ultimo ente, quello pi\u00f9 prossimo, nuovi spazi di collaborazione e di partecipazione anche alla stesura del bilancio sociale comunale.<\/p>\n<p>I lavori, come da programma, inizieranno nel pomeriggio di mercoled\u00ec 28 maggio 2014, proseguiranno la mattina del giorno successivo per concludersi alle ore 13,30 con l\u2019elezione del segretario regionale e della segreteria che lo affiancher\u00e0 per i prossimi quattro anni.<\/p>\n<style type=\"text\/css\" abp=\"222\">body {\tbackground: #FFF;}<\/style><\/p>\n","protected":false},"excerpt":{"rendered":"<p>Saranno 130 i delegati, in rappresentanza di oltre 19 mila iscritti in Sardegna che mercoled\u00ec 28 e gioved\u00ec 29 maggio, prenderanno parte al X Congresso&#8230;<\/p>\n","protected":false},"author":2,"featured_media":0,"comment_status":"closed","ping_status":"closed","sticky":false,"template":"","format":"standard","meta":[],"categories":[49],"tags":[],"_links":{"self":[{"href":"https:\/\/www.cronacaonline.it\/index.php\/wp-json\/wp\/v2\/posts\/110713"}],"collection":[{"href":"https:\/\/www.cronacaonline.it\/index.php\/wp-json\/wp\/v2\/posts"}],"about":[{"href":"https:\/\/www.cronacaonline.it\/index.php\/wp-json\/wp\/v2\/types\/post"}],"author":[{"embeddable":true,"href":"https:\/\/www.cronacaonline.it\/index.php\/wp-json\/wp\/v2\/users\/2"}],"replies":[{"embeddable":true,"href":"https:\/\/www.cronacaonline.it\/index.php\/wp-json\/wp\/v2\/comments?post=110713"}],"version-history":[{"count":0,"href":"https:\/\/www.cronacaonline.it\/index.php\/wp-json\/wp\/v2\/posts\/110713\/revisions"}],"wp:attachment":[{"href":"https:\/\/www.cronacaonline.it\/index.php\/wp-json\/wp\/v2\/media?parent=110713"}],"wp:term":[{"taxonomy":"category","embeddable":true,"href":"https:\/\/www.cronacaonline.it\/index.php\/wp-json\/wp\/v2\/categories?post=110713"},{"taxonomy":"post_tag","embeddable":true,"href":"https:\/\/www.cronacaonline.it\/index.php\/wp-json\/wp\/v2\/tags?post=110713"}],"curies":[{"name":"wp","href":"https:\/\/api.w.org\/{rel}","templated":true}]}}