{"id":110645,"date":"2014-05-28T17:20:47","date_gmt":"2014-05-28T16:20:47","guid":{"rendered":"http:\/\/www.cronacaonline.it\/public\/content\/index.php\/28\/05\/2014\/regione-sardegna---metanizzazione-accordo-in-consiglio-regionale-tra-gli-schieramenti"},"modified":"2014-05-28T17:20:47","modified_gmt":"2014-05-28T16:20:47","slug":"regione-sardegna-metanizzazione-accordo-in-consiglio-regionale-tra-gli-schieramenti","status":"publish","type":"post","link":"https:\/\/www.cronacaonline.it\/index.php\/2014\/05\/28\/regione-sardegna-metanizzazione-accordo-in-consiglio-regionale-tra-gli-schieramenti\/","title":{"rendered":"Regione Sardegna &#8211; Metanizzazione, accordo in Consiglio regionale tra gli schieramenti"},"content":{"rendered":"<p>Superate le polemiche contro la decisione della Giunta regionale di uscire dalla societ\u00e0 del Galsi per rompere l\u2019impasse e puntare su nuovi progetti di metanizzazione: il Consiglio regionale ha approvato all\u2019unanimit\u00e0 un ordine del giorno che unisce tutti i rappresentanti dei sardi intorno alla accelerazione del processo di metanizzazione dell\u2019isola imposta dalla giunta. L\u2019ordine del giorno unitario impegna infatti l\u2019esecutivo sardo a proseguire l'azione politica nei confronti del Governo nazionale per la individuazione della pi\u00f9 idonea soluzione strutturale per la metanizzazione della Sardegna.<\/p>\n<p>Nell'odg si chiede al governo l'attivazione delle disponibilit\u00e0 finanziarie occorrenti per il mantenimento dei regimi di essenzialit\u00e0 energetica attualmente vigenti in Sardegna, nonch\u00e9 per la perequazione, in attesa del compimento del processo di metanizzazione, dei maggiori costi energetici gravanti sulle famiglie e sulle imprese della Sardegna. L'ordine del giorno impegna l'esecutivo anche a definire e completare sollecitamente il percorso di presentazione al Consiglio della Proposta di Piano energetico ambientale regionale.<\/p>\n<p>\u201cAbbiamo voluto dare una scossa perch\u00e9 tutta la metanizzazione era bloccata \u2013 ha spiegato l\u2019assessore all\u2019Industria Maria Grazia Piras - ed erano bloccate anche le reti cittadine. Lo sapete benissimo che ci sono in corso 800 milioni di lavori, 220 di investimenti pubblici e gli altri investimenti privati completamente bloccati perch\u00e9 sono investimenti in project financing e le aziende lavorano quando c'\u00e8 una prospettiva remunerativa per l'investimento\u201d.&nbsp; Piras ha ribadito in aula: \u201cQuesta \u00e8 veramente la priorit\u00e0 della Giunta, \u00e8 la priorit\u00e0 dell'Assessore dell'industria che crede che non ci sia industria in Sardegna senza energia pulita a basso costo. Quindi portare il metano \u2013 ha concluso l\u2019assessore - significa far ripartire questa regione\u201d. Com<\/p>\n","protected":false},"excerpt":{"rendered":"<p>Superate le polemiche contro la decisione della Giunta regionale di uscire dalla societ\u00e0 del Galsi per rompere l\u2019impasse e puntare su nuovi progetti di metanizzazione:&#8230;<\/p>\n","protected":false},"author":2,"featured_media":0,"comment_status":"closed","ping_status":"closed","sticky":false,"template":"","format":"standard","meta":[],"categories":[49],"tags":[],"_links":{"self":[{"href":"https:\/\/www.cronacaonline.it\/index.php\/wp-json\/wp\/v2\/posts\/110645"}],"collection":[{"href":"https:\/\/www.cronacaonline.it\/index.php\/wp-json\/wp\/v2\/posts"}],"about":[{"href":"https:\/\/www.cronacaonline.it\/index.php\/wp-json\/wp\/v2\/types\/post"}],"author":[{"embeddable":true,"href":"https:\/\/www.cronacaonline.it\/index.php\/wp-json\/wp\/v2\/users\/2"}],"replies":[{"embeddable":true,"href":"https:\/\/www.cronacaonline.it\/index.php\/wp-json\/wp\/v2\/comments?post=110645"}],"version-history":[{"count":0,"href":"https:\/\/www.cronacaonline.it\/index.php\/wp-json\/wp\/v2\/posts\/110645\/revisions"}],"wp:attachment":[{"href":"https:\/\/www.cronacaonline.it\/index.php\/wp-json\/wp\/v2\/media?parent=110645"}],"wp:term":[{"taxonomy":"category","embeddable":true,"href":"https:\/\/www.cronacaonline.it\/index.php\/wp-json\/wp\/v2\/categories?post=110645"},{"taxonomy":"post_tag","embeddable":true,"href":"https:\/\/www.cronacaonline.it\/index.php\/wp-json\/wp\/v2\/tags?post=110645"}],"curies":[{"name":"wp","href":"https:\/\/api.w.org\/{rel}","templated":true}]}}