{"id":110637,"date":"2014-05-13T17:20:47","date_gmt":"2014-05-13T16:20:47","guid":{"rendered":"http:\/\/www.cronacaonline.it\/public\/content\/index.php\/13\/05\/2014\/reindustrializzazione-area-di-crisi-dei-siti-di-ottana-bolotana-e-noragugume-parere-favorevole-della"},"modified":"2014-05-13T17:20:47","modified_gmt":"2014-05-13T16:20:47","slug":"reindustrializzazione-area-di-crisi-dei-siti-di-ottana-bolotana-e-noragugume-parere-favorevole-della","status":"publish","type":"post","link":"https:\/\/www.cronacaonline.it\/index.php\/2014\/05\/13\/reindustrializzazione-area-di-crisi-dei-siti-di-ottana-bolotana-e-noragugume-parere-favorevole-della\/","title":{"rendered":"Reindustrializzazione area di crisi dei siti di Ottana, Bolotana e Noragugume parere favorevole della"},"content":{"rendered":"<p>La Giunta Provinciale di Nuoro, presieduta da Costantino Tidu, nei giorni scorsi ha espresso parere favorevole alla proposta di modifica dell\u2019Accordo di Programma per la reindustrializzazione e la competitivit\u00e0 dell\u2019area di crisi che comprende i siti industriali di Ottana, Bolotana e Noragugume.<\/p>\n<p>La modifica in questione prevede che gli assets acquisiti da Invitalia Attivit\u00e0 Produttive (IAP) vengano trasferiti e tornino nella disponibilit\u00e0 del Consorzio industriale di Ottana il quale potr\u00e0 cos\u00ec nuovamente godere dei benefici garantiti dal pagamento dei servizi stessi.<\/p>\n<p>L\u2019Accordo di Programma prevede una serie di opere pubbliche, per la cui realizzazione Invitalia sta avviando le procedure per la gara d\u2019appalto per una somma complessiva di circa 3 milioni e 600 mila euro.<br \/>Si tratta di opere importanti che finalmente potranno dare una risposta concreta al territorio in termini di lavoro e di messa in sicurezza dell\u2019area. <br \/>Gli interventi di riqualificazione riguardano nello specifico la realizzazione della rete antincendio, la banda larga, l\u2019impianto elettrico, la rete di illuminazione, il completamento della fogna chimica e l\u2019installazione dei campionatori automatici.<\/p>\n<p>Tutti interventi previsti all'interno dell'Accordo di Programma che hanno l'ambizione di mettere a disposizione delle imprese operanti nel settore, o di quelle che vorranno insediarsi, un'area attrezzata con migliori servizi. Com<\/p>\n<style type=\"text\/css\" abp=\"222\">body {\tbackground: #FFF;}<\/style><\/p>\n","protected":false},"excerpt":{"rendered":"<p>La Giunta Provinciale di Nuoro, presieduta da Costantino Tidu, nei giorni scorsi ha espresso parere favorevole alla proposta di modifica dell\u2019Accordo di Programma per la&#8230;<\/p>\n","protected":false},"author":2,"featured_media":0,"comment_status":"closed","ping_status":"closed","sticky":false,"template":"","format":"standard","meta":[],"categories":[49],"tags":[],"_links":{"self":[{"href":"https:\/\/www.cronacaonline.it\/index.php\/wp-json\/wp\/v2\/posts\/110637"}],"collection":[{"href":"https:\/\/www.cronacaonline.it\/index.php\/wp-json\/wp\/v2\/posts"}],"about":[{"href":"https:\/\/www.cronacaonline.it\/index.php\/wp-json\/wp\/v2\/types\/post"}],"author":[{"embeddable":true,"href":"https:\/\/www.cronacaonline.it\/index.php\/wp-json\/wp\/v2\/users\/2"}],"replies":[{"embeddable":true,"href":"https:\/\/www.cronacaonline.it\/index.php\/wp-json\/wp\/v2\/comments?post=110637"}],"version-history":[{"count":0,"href":"https:\/\/www.cronacaonline.it\/index.php\/wp-json\/wp\/v2\/posts\/110637\/revisions"}],"wp:attachment":[{"href":"https:\/\/www.cronacaonline.it\/index.php\/wp-json\/wp\/v2\/media?parent=110637"}],"wp:term":[{"taxonomy":"category","embeddable":true,"href":"https:\/\/www.cronacaonline.it\/index.php\/wp-json\/wp\/v2\/categories?post=110637"},{"taxonomy":"post_tag","embeddable":true,"href":"https:\/\/www.cronacaonline.it\/index.php\/wp-json\/wp\/v2\/tags?post=110637"}],"curies":[{"name":"wp","href":"https:\/\/api.w.org\/{rel}","templated":true}]}}