{"id":110622,"date":"2014-05-14T17:20:47","date_gmt":"2014-05-14T16:20:47","guid":{"rendered":"http:\/\/www.cronacaonline.it\/public\/content\/index.php\/14\/05\/2014\/arrestato-dai-carabinieri-di-uta-per-detenzione-ai-fini-di-spaccio-di-stupefacenti"},"modified":"2014-05-14T17:20:47","modified_gmt":"2014-05-14T16:20:47","slug":"arrestato-dai-carabinieri-di-uta-per-detenzione-ai-fini-di-spaccio-di-stupefacenti","status":"publish","type":"post","link":"https:\/\/www.cronacaonline.it\/index.php\/2014\/05\/14\/arrestato-dai-carabinieri-di-uta-per-detenzione-ai-fini-di-spaccio-di-stupefacenti\/","title":{"rendered":"Arrestato dai carabinieri di Uta per detenzione ai fini di spaccio di stupefacenti."},"content":{"rendered":"<p>Questa notte, alle ore 03.30 a Uta, i Carabinieri della Stazione del paese, hanno controllato un\u2019auto con due giovani a bordo che visto il loro atteggiamento nervoso hanno indotto i militari ad un controllo pi\u00f9 accurato. Infatti, durate la perquisizione personale del conducente \u00e8 stato trovato in possesso di 0,2 grammi di hashish, mentre il passeggero, Stefano Muscas, \u00e8 stato trovato in possesso di 0,5 grammi di marijuana. La successiva perquisizione domiciliare a carico di Muscas ha consentito di rinvenire e sequestrare 200 grammi di hashish, 8,6 grammi di marijuana, materiale vario per il confezionamento delle predette sostanze, 200 euro in contanti ritenuti provento di spaccio.<\/p>\n<p>A questo punto Stefano Muscas \u00e8 stato dichiarato in arresto per detenzione ai fini di spaccio di stupefacenti e le formalit\u00e0 di rito sottoposto agli arresti domiciliari in attesa dell\u2019udienza per direttissima fissata per la mattina di oggi, mentre il conducente della vettura \u00e8 stato segnalato al Prefetto di Cagliari, quale assuntore di sostanze stupefacenti.<\/p>\n<style type=\"text\/css\" abp=\"222\">body {\tbackground: #FFF;}<\/style><\/p>\n","protected":false},"excerpt":{"rendered":"<p>Questa notte, alle ore 03.30 a Uta, i Carabinieri della Stazione del paese, hanno controllato un\u2019auto con due giovani a bordo che visto il loro&#8230;<\/p>\n","protected":false},"author":2,"featured_media":0,"comment_status":"closed","ping_status":"closed","sticky":false,"template":"","format":"standard","meta":[],"categories":[49],"tags":[],"_links":{"self":[{"href":"https:\/\/www.cronacaonline.it\/index.php\/wp-json\/wp\/v2\/posts\/110622"}],"collection":[{"href":"https:\/\/www.cronacaonline.it\/index.php\/wp-json\/wp\/v2\/posts"}],"about":[{"href":"https:\/\/www.cronacaonline.it\/index.php\/wp-json\/wp\/v2\/types\/post"}],"author":[{"embeddable":true,"href":"https:\/\/www.cronacaonline.it\/index.php\/wp-json\/wp\/v2\/users\/2"}],"replies":[{"embeddable":true,"href":"https:\/\/www.cronacaonline.it\/index.php\/wp-json\/wp\/v2\/comments?post=110622"}],"version-history":[{"count":0,"href":"https:\/\/www.cronacaonline.it\/index.php\/wp-json\/wp\/v2\/posts\/110622\/revisions"}],"wp:attachment":[{"href":"https:\/\/www.cronacaonline.it\/index.php\/wp-json\/wp\/v2\/media?parent=110622"}],"wp:term":[{"taxonomy":"category","embeddable":true,"href":"https:\/\/www.cronacaonline.it\/index.php\/wp-json\/wp\/v2\/categories?post=110622"},{"taxonomy":"post_tag","embeddable":true,"href":"https:\/\/www.cronacaonline.it\/index.php\/wp-json\/wp\/v2\/tags?post=110622"}],"curies":[{"name":"wp","href":"https:\/\/api.w.org\/{rel}","templated":true}]}}